{"id":3561,"date":"2025-12-17T10:10:21","date_gmt":"2025-12-17T09:10:21","guid":{"rendered":"https:\/\/www.radiomais.ao\/?p=3561"},"modified":"2025-12-17T10:10:21","modified_gmt":"2025-12-17T09:10:21","slug":"minsa-especializou-399-medicos-de-medicina-geral-e-familiar","status":"publish","type":"post","link":"https:\/\/www.radiomais.ao\/index.php\/2025\/12\/17\/minsa-especializou-399-medicos-de-medicina-geral-e-familiar\/","title":{"rendered":"MINSA especializou 399 m\u00e9dicos de medicina geral e familiar."},"content":{"rendered":"\n<p>No ano que presta a findar. O Minist\u00e9rio da Sa\u00fade especializou 399 m\u00e9dicos de medicina geral e familiar.<\/p>\n\n\n\n<figure class=\"wp-block-embed is-type-rich is-provider-soundcloud wp-block-embed-soundcloud\"><div class=\"wp-block-embed__wrapper\">\n<iframe title=\"MINSA ESPECIALIZOU 399 M\u00c9DICOS EM MEDICINA GERAL E FAMILIAR. by RadioMais\" width=\"1290\" height=\"400\" scrolling=\"no\" frameborder=\"no\" src=\"https:\/\/w.soundcloud.com\/player\/?visual=true&#038;url=https%3A%2F%2Fapi.soundcloud.com%2Ftracks%2F2231184935&#038;show_artwork=true&#038;maxheight=1000&#038;maxwidth=1290\"><\/iframe>\n<\/div><\/figure>\n\n\n\n<p>A ministra da sa\u00fade, Silvia Lutucuta que fazia um balan\u00e7o do sector que dirige revelou que foi assinado um acordo de financiamento, para em 5 anos especializar 38 mil profissionais &nbsp;de todas as carreiras<\/p>\n","protected":false},"excerpt":{"rendered":"<p>No ano que presta a findar. O Minist\u00e9rio da Sa\u00fade especializou 399 m\u00e9dicos de medicina geral e familiar. A ministra da sa\u00fade, Silvia Lutucuta que fazia um balan\u00e7o do sector que dirige revelou que foi assinado um acordo de financiamento, para em 5 anos especializar 38 mil profissionais &nbsp;de todas as carreiras<\/p>\n","protected":false},"author":3,"featured_media":3562,"comment_status":"open","ping_status":"open","sticky":false,"template":"","format":"standard","meta":{"footnotes":""},"categories":[16],"tags":[1455,579],"class_list":["post-3561","post","type-post","status-publish","format-standard","has-post-thumbnail","hentry","category-actualidade","tag-399-medicos-especializados","tag-minsa"],"blocksy_meta":[],"_links":{"self":[{"href":"https:\/\/www.radiomais.ao\/index.php\/wp-json\/wp\/v2\/posts\/3561","targetHints":{"allow":["GET"]}}],"collection":[{"href":"https:\/\/www.radiomais.ao\/index.php\/wp-json\/wp\/v2\/posts"}],"about":[{"href":"https:\/\/www.radiomais.ao\/index.php\/wp-json\/wp\/v2\/types\/post"}],"author":[{"embeddable":true,"href":"https:\/\/www.radiomais.ao\/index.php\/wp-json\/wp\/v2\/users\/3"}],"replies":[{"embeddable":true,"href":"https:\/\/www.radiomais.ao\/index.php\/wp-json\/wp\/v2\/comments?post=3561"}],"version-history":[{"count":1,"href":"https:\/\/www.radiomais.ao\/index.php\/wp-json\/wp\/v2\/posts\/3561\/revisions"}],"predecessor-version":[{"id":3563,"href":"https:\/\/www.radiomais.ao\/index.php\/wp-json\/wp\/v2\/posts\/3561\/revisions\/3563"}],"wp:featuredmedia":[{"embeddable":true,"href":"https:\/\/www.radiomais.ao\/index.php\/wp-json\/wp\/v2\/media\/3562"}],"wp:attachment":[{"href":"https:\/\/www.radiomais.ao\/index.php\/wp-json\/wp\/v2\/media?parent=3561"}],"wp:term":[{"taxonomy":"category","embeddable":true,"href":"https:\/\/www.radiomais.ao\/index.php\/wp-json\/wp\/v2\/categories?post=3561"},{"taxonomy":"post_tag","embeddable":true,"href":"https:\/\/www.radiomais.ao\/index.php\/wp-json\/wp\/v2\/tags?post=3561"}],"curies":[{"name":"wp","href":"https:\/\/api.w.org\/{rel}","templated":true}]}}