{"id":3564,"date":"2025-12-17T10:54:48","date_gmt":"2025-12-17T09:54:48","guid":{"rendered":"https:\/\/www.radiomais.ao\/?p=3564"},"modified":"2025-12-17T10:54:48","modified_gmt":"2025-12-17T09:54:48","slug":"detida-funcionaria-do-sme-por-envolvimento-em-esquema-fraudulento-de-emissao-de-passaporte","status":"publish","type":"post","link":"https:\/\/www.radiomais.ao\/index.php\/2025\/12\/17\/detida-funcionaria-do-sme-por-envolvimento-em-esquema-fraudulento-de-emissao-de-passaporte\/","title":{"rendered":"Detida funcion\u00e1ria do SME por envolvimento em esquema fraudulento de emiss\u00e3o de passaporte."},"content":{"rendered":"\n<p>O Servi\u00e7o de Investiga\u00e7\u00e3o Criminal deteve, no Bengo, uma funcion\u00e1ria do Servi\u00e7o de Migra\u00e7\u00e3o e Estrangeiros por suspeita de envolvimento num esquema fraudulento de emiss\u00e3o de passaportes e outros actos migrat\u00f3rios em troca de dinheiro.<\/p>\n\n\n\n<p><br>A deten\u00e7\u00e3o ocorreu no passado dia 14 de Dezembro, nas instala\u00e7\u00f5es do SME Bengo<\/p>\n\n\n<div \n    class=\"align wp-block-scb-sound-cloud\"    id=\"scbSoundCloud-1\"\n    data-attributes='{&quot;cId&quot;:&quot;c4a15a5a-e&quot;,&quot;tracks&quot;:[{&quot;url&quot;:&quot;https:\\\/\\\/soundcloud.com\\\/radio-mais-luanda\\\/funcionaria-do-sme-detida-por-envolvimento-fraudulento-de-emissao-de-passaporte?si=c00b07281bed48dfa803d8e536ec8850&amp;utm_source=clipboard&amp;utm_medium=text&amp;utm_campaign=social_sharing&quot;,&quot;startTrack&quot;:0}],&quot;alignment&quot;:&quot;center&quot;,&quot;align&quot;:&quot;&quot;,&quot;options&quot;:{&quot;isAutoPlay&quot;:true,&quot;color&quot;:&quot;#f50&quot;,&quot;isBuying&quot;:true,&quot;isSharing&quot;:true,&quot;isDownload&quot;:true,&quot;isArtWork&quot;:true,&quot;isPlayCount&quot;:true,&quot;isUser&quot;:true,&quot;isSingleActive&quot;:true,&quot;isComments&quot;:true,&quot;isVisual&quot;:false,&quot;isTeaser&quot;:false,&quot;isHideRelated&quot;:false},&quot;iframeStyle&quot;:{&quot;width&quot;:&quot;100%&quot;,&quot;height&quot;:&quot;170px&quot;},&quot;frameBorder&quot;:{&quot;color&quot;:&quot;#000&quot;,&quot;style&quot;:&quot;solid&quot;,&quot;width&quot;:&quot;1px&quot;},&quot;frameBRadius&quot;:{&quot;top&quot;:&quot;3px&quot;,&quot;bottom&quot;:&quot;3px&quot;,&quot;left&quot;:&quot;3px&quot;,&quot;right&quot;:&quot;3px&quot;},&quot;frameBoxShadow&quot;:[]}'>\n<\/div>\n\n \n      ","protected":false},"excerpt":{"rendered":"<p>O Servi\u00e7o de Investiga\u00e7\u00e3o Criminal deteve, no Bengo, uma funcion\u00e1ria do Servi\u00e7o de Migra\u00e7\u00e3o e Estrangeiros por suspeita de envolvimento num esquema fraudulento de emiss\u00e3o de passaportes e outros actos migrat\u00f3rios em troca de dinheiro. A deten\u00e7\u00e3o ocorreu no passado dia 14 de Dezembro, nas instala\u00e7\u00f5es do SME Bengo<\/p>\n","protected":false},"author":3,"featured_media":3565,"comment_status":"open","ping_status":"open","sticky":false,"template":"","format":"standard","meta":{"footnotes":""},"categories":[16],"tags":[1297,1456,1457],"class_list":["post-3564","post","type-post","status-publish","format-standard","has-post-thumbnail","hentry","category-actualidade","tag-detida","tag-funcionaria-do-sme","tag-sistema-fraudulento"],"blocksy_meta":[],"_links":{"self":[{"href":"https:\/\/www.radiomais.ao\/index.php\/wp-json\/wp\/v2\/posts\/3564","targetHints":{"allow":["GET"]}}],"collection":[{"href":"https:\/\/www.radiomais.ao\/index.php\/wp-json\/wp\/v2\/posts"}],"about":[{"href":"https:\/\/www.radiomais.ao\/index.php\/wp-json\/wp\/v2\/types\/post"}],"author":[{"embeddable":true,"href":"https:\/\/www.radiomais.ao\/index.php\/wp-json\/wp\/v2\/users\/3"}],"replies":[{"embeddable":true,"href":"https:\/\/www.radiomais.ao\/index.php\/wp-json\/wp\/v2\/comments?post=3564"}],"version-history":[{"count":1,"href":"https:\/\/www.radiomais.ao\/index.php\/wp-json\/wp\/v2\/posts\/3564\/revisions"}],"predecessor-version":[{"id":3566,"href":"https:\/\/www.radiomais.ao\/index.php\/wp-json\/wp\/v2\/posts\/3564\/revisions\/3566"}],"wp:featuredmedia":[{"embeddable":true,"href":"https:\/\/www.radiomais.ao\/index.php\/wp-json\/wp\/v2\/media\/3565"}],"wp:attachment":[{"href":"https:\/\/www.radiomais.ao\/index.php\/wp-json\/wp\/v2\/media?parent=3564"}],"wp:term":[{"taxonomy":"category","embeddable":true,"href":"https:\/\/www.radiomais.ao\/index.php\/wp-json\/wp\/v2\/categories?post=3564"},{"taxonomy":"post_tag","embeddable":true,"href":"https:\/\/www.radiomais.ao\/index.php\/wp-json\/wp\/v2\/tags?post=3564"}],"curies":[{"name":"wp","href":"https:\/\/api.w.org\/{rel}","templated":true}]}}