{"id":3567,"date":"2025-12-17T11:18:50","date_gmt":"2025-12-17T10:18:50","guid":{"rendered":"https:\/\/www.radiomais.ao\/?p=3567"},"modified":"2025-12-17T11:18:50","modified_gmt":"2025-12-17T10:18:50","slug":"cplp-suspende-guine-bissau-e-elege-timor-leste-para-presidencia","status":"publish","type":"post","link":"https:\/\/www.radiomais.ao\/index.php\/2025\/12\/17\/cplp-suspende-guine-bissau-e-elege-timor-leste-para-presidencia\/","title":{"rendered":"CPLP suspende Guin\u00e9-Bissau e elege Timor-Leste para presid\u00eancia."},"content":{"rendered":"\n<p>A Comunidade dos Pa\u00edses de L\u00edngua Portuguesa suspendeu a Guin\u00e9 Bissau, na sequ\u00eancia do golpe de Estado, do passado m\u00eas de Novembro.<\/p>\n\n\n\n<p>Durante a sua I\u00aa Confer\u00eancia Extraordin\u00e1ria de Chefes de Estado e de Governo, Timor-Leste assumiu a Presid\u00eancia da CPLP. A medida era previs\u00edvel, mas n\u00e3o garante efeitos pr\u00e1ticos contra os golpistas.<\/p>\n\n\n\n<p><\/p>\n\n\n<div \n    class=\"align wp-block-scb-sound-cloud\"    id=\"scbSoundCloud-1\"\n    data-attributes='{&quot;cId&quot;:&quot;b3bf21e3-8&quot;,&quot;tracks&quot;:[{&quot;url&quot;:&quot;https:\\\/\\\/soundcloud.com\\\/radio-mais-luanda\\\/guine-bissau-suspensa-pela-cplp?si=fa2881b8b9624430b7d831d88b23d616&amp;utm_source=clipboard&amp;utm_medium=text&amp;utm_campaign=social_sharing&quot;,&quot;startTrack&quot;:0}],&quot;alignment&quot;:&quot;center&quot;,&quot;align&quot;:&quot;&quot;,&quot;options&quot;:{&quot;isAutoPlay&quot;:true,&quot;color&quot;:&quot;#f50&quot;,&quot;isBuying&quot;:true,&quot;isSharing&quot;:true,&quot;isDownload&quot;:true,&quot;isArtWork&quot;:true,&quot;isPlayCount&quot;:true,&quot;isUser&quot;:true,&quot;isSingleActive&quot;:true,&quot;isComments&quot;:true,&quot;isVisual&quot;:false,&quot;isTeaser&quot;:false,&quot;isHideRelated&quot;:false},&quot;iframeStyle&quot;:{&quot;width&quot;:&quot;100%&quot;,&quot;height&quot;:&quot;170px&quot;},&quot;frameBorder&quot;:{&quot;color&quot;:&quot;#000&quot;,&quot;style&quot;:&quot;solid&quot;,&quot;width&quot;:&quot;1px&quot;},&quot;frameBRadius&quot;:{&quot;top&quot;:&quot;3px&quot;,&quot;bottom&quot;:&quot;3px&quot;,&quot;left&quot;:&quot;3px&quot;,&quot;right&quot;:&quot;3px&quot;},&quot;frameBoxShadow&quot;:[]}'>\n<\/div>\n\n \n      ","protected":false},"excerpt":{"rendered":"<p>A Comunidade dos Pa\u00edses de L\u00edngua Portuguesa suspendeu a Guin\u00e9 Bissau, na sequ\u00eancia do golpe de Estado, do passado m\u00eas de Novembro. Durante a sua I\u00aa Confer\u00eancia Extraordin\u00e1ria de Chefes de Estado e de Governo, Timor-Leste assumiu a Presid\u00eancia da CPLP. A medida era previs\u00edvel, mas n\u00e3o garante efeitos pr\u00e1ticos contra os golpistas.<\/p>\n","protected":false},"author":3,"featured_media":3568,"comment_status":"open","ping_status":"open","sticky":false,"template":"","format":"standard","meta":{"footnotes":""},"categories":[16],"tags":[719,1458],"class_list":["post-3567","post","type-post","status-publish","format-standard","has-post-thumbnail","hentry","category-actualidade","tag-cplp","tag-suspende-guine-bissau"],"blocksy_meta":[],"_links":{"self":[{"href":"https:\/\/www.radiomais.ao\/index.php\/wp-json\/wp\/v2\/posts\/3567","targetHints":{"allow":["GET"]}}],"collection":[{"href":"https:\/\/www.radiomais.ao\/index.php\/wp-json\/wp\/v2\/posts"}],"about":[{"href":"https:\/\/www.radiomais.ao\/index.php\/wp-json\/wp\/v2\/types\/post"}],"author":[{"embeddable":true,"href":"https:\/\/www.radiomais.ao\/index.php\/wp-json\/wp\/v2\/users\/3"}],"replies":[{"embeddable":true,"href":"https:\/\/www.radiomais.ao\/index.php\/wp-json\/wp\/v2\/comments?post=3567"}],"version-history":[{"count":1,"href":"https:\/\/www.radiomais.ao\/index.php\/wp-json\/wp\/v2\/posts\/3567\/revisions"}],"predecessor-version":[{"id":3569,"href":"https:\/\/www.radiomais.ao\/index.php\/wp-json\/wp\/v2\/posts\/3567\/revisions\/3569"}],"wp:featuredmedia":[{"embeddable":true,"href":"https:\/\/www.radiomais.ao\/index.php\/wp-json\/wp\/v2\/media\/3568"}],"wp:attachment":[{"href":"https:\/\/www.radiomais.ao\/index.php\/wp-json\/wp\/v2\/media?parent=3567"}],"wp:term":[{"taxonomy":"category","embeddable":true,"href":"https:\/\/www.radiomais.ao\/index.php\/wp-json\/wp\/v2\/categories?post=3567"},{"taxonomy":"post_tag","embeddable":true,"href":"https:\/\/www.radiomais.ao\/index.php\/wp-json\/wp\/v2\/tags?post=3567"}],"curies":[{"name":"wp","href":"https:\/\/api.w.org\/{rel}","templated":true}]}}