{"id":3571,"date":"2025-12-18T08:25:09","date_gmt":"2025-12-18T07:25:09","guid":{"rendered":"https:\/\/www.radiomais.ao\/?p=3571"},"modified":"2025-12-18T08:25:09","modified_gmt":"2025-12-18T07:25:09","slug":"lideres-africanos-debatem-politicas-de-migracao-para-africa","status":"publish","type":"post","link":"https:\/\/www.radiomais.ao\/index.php\/2025\/12\/18\/lideres-africanos-debatem-politicas-de-migracao-para-africa\/","title":{"rendered":"L\u00edderes africanos debatem pol\u00edticas de migra\u00e7\u00e3o para \u00c1frica."},"content":{"rendered":"\n<p><strong>A mobilidade humana, o com\u00e9rcio e a transforma\u00e7\u00e3o tecnol\u00f3gica moldam cada vez mais a traject\u00f3ria de desenvolvimento de \u00c1frica, onde uma integra\u00e7\u00e3o regional significativa n\u00e3o pode ser alcan\u00e7ada sem sistemas migrat\u00f3rios coordenados e bem governados. \u00c9 neste \u00e2mbito que os l\u00edderes africanos reflectem o momento actual dos processos migrat\u00f3rios na 9.\u00aa edi\u00e7\u00e3o do F\u00f3rum Pan-Africano sobre Migra\u00e7\u00e3o (PAFOM)<\/strong>. Fonte <strong><em><a href=\"https:\/\/www.opais.ao\/politica\/lideres-africanos-debatem-politicas-de-migracao-para-africa\/\">Opa\u00eds<\/a><\/em><\/strong><\/p>\n","protected":false},"excerpt":{"rendered":"<p>A mobilidade humana, o com\u00e9rcio e a transforma\u00e7\u00e3o tecnol\u00f3gica moldam cada vez mais a traject\u00f3ria de desenvolvimento de \u00c1frica, onde uma integra\u00e7\u00e3o regional significativa n\u00e3o pode ser alcan\u00e7ada sem sistemas migrat\u00f3rios coordenados e bem governados. \u00c9 neste \u00e2mbito que os l\u00edderes africanos reflectem o momento actual dos processos migrat\u00f3rios na 9.\u00aa edi\u00e7\u00e3o do F\u00f3rum Pan-Africano [&hellip;]<\/p>\n","protected":false},"author":3,"featured_media":3572,"comment_status":"open","ping_status":"open","sticky":false,"template":"","format":"standard","meta":{"footnotes":""},"categories":[16],"tags":[1459,1460],"class_list":["post-3571","post","type-post","status-publish","format-standard","has-post-thumbnail","hentry","category-actualidade","tag-lideres-africanos","tag-politicas-de-migracao"],"blocksy_meta":[],"_links":{"self":[{"href":"https:\/\/www.radiomais.ao\/index.php\/wp-json\/wp\/v2\/posts\/3571","targetHints":{"allow":["GET"]}}],"collection":[{"href":"https:\/\/www.radiomais.ao\/index.php\/wp-json\/wp\/v2\/posts"}],"about":[{"href":"https:\/\/www.radiomais.ao\/index.php\/wp-json\/wp\/v2\/types\/post"}],"author":[{"embeddable":true,"href":"https:\/\/www.radiomais.ao\/index.php\/wp-json\/wp\/v2\/users\/3"}],"replies":[{"embeddable":true,"href":"https:\/\/www.radiomais.ao\/index.php\/wp-json\/wp\/v2\/comments?post=3571"}],"version-history":[{"count":1,"href":"https:\/\/www.radiomais.ao\/index.php\/wp-json\/wp\/v2\/posts\/3571\/revisions"}],"predecessor-version":[{"id":3573,"href":"https:\/\/www.radiomais.ao\/index.php\/wp-json\/wp\/v2\/posts\/3571\/revisions\/3573"}],"wp:featuredmedia":[{"embeddable":true,"href":"https:\/\/www.radiomais.ao\/index.php\/wp-json\/wp\/v2\/media\/3572"}],"wp:attachment":[{"href":"https:\/\/www.radiomais.ao\/index.php\/wp-json\/wp\/v2\/media?parent=3571"}],"wp:term":[{"taxonomy":"category","embeddable":true,"href":"https:\/\/www.radiomais.ao\/index.php\/wp-json\/wp\/v2\/categories?post=3571"},{"taxonomy":"post_tag","embeddable":true,"href":"https:\/\/www.radiomais.ao\/index.php\/wp-json\/wp\/v2\/tags?post=3571"}],"curies":[{"name":"wp","href":"https:\/\/api.w.org\/{rel}","templated":true}]}}