{"id":3574,"date":"2025-12-18T08:30:04","date_gmt":"2025-12-18T07:30:04","guid":{"rendered":"https:\/\/www.radiomais.ao\/?p=3574"},"modified":"2025-12-18T08:30:04","modified_gmt":"2025-12-18T07:30:04","slug":"primeira-dama-da-republica-promove-passeio-a-mais-de-200-criancas-de-todo-o-pais","status":"publish","type":"post","link":"https:\/\/www.radiomais.ao\/index.php\/2025\/12\/18\/primeira-dama-da-republica-promove-passeio-a-mais-de-200-criancas-de-todo-o-pais\/","title":{"rendered":"Primeira-dama da Rep\u00fablica promove passeio a mais de 200 crian\u00e7as de todo o pa\u00eds."},"content":{"rendered":"\n<p>A primeira-dama da Rep\u00fablica, Ana Dias Louren\u00e7o, organizou, esta quarta-feira, um passeio ao Centro de Ci\u00eancias de Luanda (CCL) e ao Museu da Moeda, na capital do pa\u00eds, onde estiveram presentes mais de 200 crian\u00e7as provenientes de todas as prov\u00edncias de Angola.<\/p>\n\n\n\n<p>Enquadrada no \u00e2mbito da plataforma \u201cRoda do Amor\u201d, que j\u00e1 vai na sua 9.\u00aa edi\u00e7\u00e3o, a actividade incluiu, tamb\u00e9m, um passeio \u00e0 Ba\u00eda de Luanda.<\/p>\n\n\n\n<p>Sendo que a cada edi\u00e7\u00e3o \u00e9 escolhido um lema, para este ano, o lema insere-se nos 50 anos de Independ\u00eancia Nacional pela protec\u00e7\u00e3o e desenvolvimento integral da crian\u00e7a.<\/p>\n\n\n\n<p>Ao chegarem ao primeiro local do passeio, o CCL, os petizes, acompanhados da primeira-dama, foram recebidos pelo ministro do Ensino Superior, Ci\u00eancia, Tecnologia e Inova\u00e7\u00e3o, Albano Ferreira.<\/p>\n\n\n\n<p>J\u00e1 no Museu da Moeda que, assim como o CCL, tamb\u00e9m se encontra localizado na Marginal de Luanda, no munic\u00edpio da Ingombota, as crian\u00e7as, na sua maioria provenientes de lares de acolhimento, foram recepcionadas pela vice-governadora do Banco Nacional de Angola (BNA), Maria Juliana Pereira.<\/p>\n","protected":false},"excerpt":{"rendered":"<p>A primeira-dama da Rep\u00fablica, Ana Dias Louren\u00e7o, organizou, esta quarta-feira, um passeio ao Centro de Ci\u00eancias de Luanda (CCL) e ao Museu da Moeda, na capital do pa\u00eds, onde estiveram presentes mais de 200 crian\u00e7as provenientes de todas as prov\u00edncias de Angola. Enquadrada no \u00e2mbito da plataforma \u201cRoda do Amor\u201d, que j\u00e1 vai na sua [&hellip;]<\/p>\n","protected":false},"author":3,"featured_media":3575,"comment_status":"open","ping_status":"open","sticky":false,"template":"","format":"standard","meta":{"footnotes":""},"categories":[16],"tags":[614,641,1461],"class_list":["post-3574","post","type-post","status-publish","format-standard","has-post-thumbnail","hentry","category-actualidade","tag-1o-dama","tag-criancas","tag-passeio"],"blocksy_meta":[],"_links":{"self":[{"href":"https:\/\/www.radiomais.ao\/index.php\/wp-json\/wp\/v2\/posts\/3574","targetHints":{"allow":["GET"]}}],"collection":[{"href":"https:\/\/www.radiomais.ao\/index.php\/wp-json\/wp\/v2\/posts"}],"about":[{"href":"https:\/\/www.radiomais.ao\/index.php\/wp-json\/wp\/v2\/types\/post"}],"author":[{"embeddable":true,"href":"https:\/\/www.radiomais.ao\/index.php\/wp-json\/wp\/v2\/users\/3"}],"replies":[{"embeddable":true,"href":"https:\/\/www.radiomais.ao\/index.php\/wp-json\/wp\/v2\/comments?post=3574"}],"version-history":[{"count":1,"href":"https:\/\/www.radiomais.ao\/index.php\/wp-json\/wp\/v2\/posts\/3574\/revisions"}],"predecessor-version":[{"id":3576,"href":"https:\/\/www.radiomais.ao\/index.php\/wp-json\/wp\/v2\/posts\/3574\/revisions\/3576"}],"wp:featuredmedia":[{"embeddable":true,"href":"https:\/\/www.radiomais.ao\/index.php\/wp-json\/wp\/v2\/media\/3575"}],"wp:attachment":[{"href":"https:\/\/www.radiomais.ao\/index.php\/wp-json\/wp\/v2\/media?parent=3574"}],"wp:term":[{"taxonomy":"category","embeddable":true,"href":"https:\/\/www.radiomais.ao\/index.php\/wp-json\/wp\/v2\/categories?post=3574"},{"taxonomy":"post_tag","embeddable":true,"href":"https:\/\/www.radiomais.ao\/index.php\/wp-json\/wp\/v2\/tags?post=3574"}],"curies":[{"name":"wp","href":"https:\/\/api.w.org\/{rel}","templated":true}]}}