{"id":3577,"date":"2025-12-18T08:34:07","date_gmt":"2025-12-18T07:34:07","guid":{"rendered":"https:\/\/www.radiomais.ao\/?p=3577"},"modified":"2025-12-18T08:34:07","modified_gmt":"2025-12-18T07:34:07","slug":"suspensao-da-guine-bissau-na-cplp-sinaliza-rejeicao-a-rupturas-constitucionais","status":"publish","type":"post","link":"https:\/\/www.radiomais.ao\/index.php\/2025\/12\/18\/suspensao-da-guine-bissau-na-cplp-sinaliza-rejeicao-a-rupturas-constitucionais\/","title":{"rendered":"Suspens\u00e3o da Guin\u00e9-Bissau na CPLP sinaliza rejei\u00e7\u00e3o a rupturas constitucionais."},"content":{"rendered":"\n<p><strong>A suspens\u00e3o tempor\u00e1ria da Guin\u00e9-Bissau de todas as actividades da CPLP, decidida a 16 de Dezembro pelos Chefes de Estado e de Governo, \u00e9 vista pelo analista Osvaldo Mboco como um reflexo das fragilidades institucionais do pa\u00eds e, ao mesmo tempo, como uma mensagem pol\u00edtica clara da organiza\u00e7\u00e3o contra governos resultantes de golpes de Estado, reafirmando o compromisso com a ordem constitucional e os princ\u00edpios democr\u00e1ticos<\/strong>. Ler mais em <strong><em><a href=\"https:\/\/www.opais.ao\/politica\/suspensao-da-guine-bissau-na-cplp-sinaliza-rejeicao-a-rupturas-constitucionais\/\">Opa\u00eds<\/a><\/em><\/strong><\/p>\n","protected":false},"excerpt":{"rendered":"<p>A suspens\u00e3o tempor\u00e1ria da Guin\u00e9-Bissau de todas as actividades da CPLP, decidida a 16 de Dezembro pelos Chefes de Estado e de Governo, \u00e9 vista pelo analista Osvaldo Mboco como um reflexo das fragilidades institucionais do pa\u00eds e, ao mesmo tempo, como uma mensagem pol\u00edtica clara da organiza\u00e7\u00e3o contra governos resultantes de golpes de Estado, [&hellip;]<\/p>\n","protected":false},"author":3,"featured_media":3578,"comment_status":"open","ping_status":"open","sticky":false,"template":"","format":"standard","meta":{"footnotes":""},"categories":[16],"tags":[1271],"class_list":["post-3577","post","type-post","status-publish","format-standard","has-post-thumbnail","hentry","category-actualidade","tag-suspencao"],"blocksy_meta":[],"_links":{"self":[{"href":"https:\/\/www.radiomais.ao\/index.php\/wp-json\/wp\/v2\/posts\/3577","targetHints":{"allow":["GET"]}}],"collection":[{"href":"https:\/\/www.radiomais.ao\/index.php\/wp-json\/wp\/v2\/posts"}],"about":[{"href":"https:\/\/www.radiomais.ao\/index.php\/wp-json\/wp\/v2\/types\/post"}],"author":[{"embeddable":true,"href":"https:\/\/www.radiomais.ao\/index.php\/wp-json\/wp\/v2\/users\/3"}],"replies":[{"embeddable":true,"href":"https:\/\/www.radiomais.ao\/index.php\/wp-json\/wp\/v2\/comments?post=3577"}],"version-history":[{"count":1,"href":"https:\/\/www.radiomais.ao\/index.php\/wp-json\/wp\/v2\/posts\/3577\/revisions"}],"predecessor-version":[{"id":3579,"href":"https:\/\/www.radiomais.ao\/index.php\/wp-json\/wp\/v2\/posts\/3577\/revisions\/3579"}],"wp:featuredmedia":[{"embeddable":true,"href":"https:\/\/www.radiomais.ao\/index.php\/wp-json\/wp\/v2\/media\/3578"}],"wp:attachment":[{"href":"https:\/\/www.radiomais.ao\/index.php\/wp-json\/wp\/v2\/media?parent=3577"}],"wp:term":[{"taxonomy":"category","embeddable":true,"href":"https:\/\/www.radiomais.ao\/index.php\/wp-json\/wp\/v2\/categories?post=3577"},{"taxonomy":"post_tag","embeddable":true,"href":"https:\/\/www.radiomais.ao\/index.php\/wp-json\/wp\/v2\/tags?post=3577"}],"curies":[{"name":"wp","href":"https:\/\/api.w.org\/{rel}","templated":true}]}}