{"id":3580,"date":"2025-12-18T08:38:18","date_gmt":"2025-12-18T07:38:18","guid":{"rendered":"https:\/\/www.radiomais.ao\/?p=3580"},"modified":"2025-12-18T08:38:18","modified_gmt":"2025-12-18T07:38:18","slug":"presidente-da-assembleia-nacional-pede-clarificacao-do-papel-fiscalizador-do-parlamento-em-2026","status":"publish","type":"post","link":"https:\/\/www.radiomais.ao\/index.php\/2025\/12\/18\/presidente-da-assembleia-nacional-pede-clarificacao-do-papel-fiscalizador-do-parlamento-em-2026\/","title":{"rendered":"Presidente da Assembleia Nacional pede clarifica\u00e7\u00e3o do papel fiscalizador do Parlamento em 2026."},"content":{"rendered":"\n<p><strong>O presidente da Assembleia Nacional defendeu, ontem, o refor\u00e7o e a clarifica\u00e7\u00e3o do exerc\u00edcio da fiscaliza\u00e7\u00e3o parlamentar sobre o Poder Executivo como um dos principais desafios do Parlamento para 2026. A posi\u00e7\u00e3o foi expressa por Ad\u00e3o de Almeida durante a cerim\u00f3nia de cumprimentos de fim de ano, realizada na Casa das Leis, perante deputados, funcion\u00e1rios e outros agentes parlamentares<\/strong>.<\/p>\n\n\n\n<p>No seu pronunciamento, o l\u00edder do Parlamento considerou que, apesar de existir consenso quanto \u00e0 necessidade de se fiscalizar a ac\u00e7\u00e3o governativa, ainda falta uma compreens\u00e3o colectiva e uniforme sobre o que \u00e9, afinal, a fiscaliza\u00e7\u00e3o parlamentar e como deve ser exercida nos termos da Constitui\u00e7\u00e3o e da lei.<\/p>\n\n\n\n<p>Para Ad\u00e3o de Almeida, a consolida\u00e7\u00e3o dessa vis\u00e3o comum deve ser uma prioridade no pr\u00f3ximo ano legislativo, de modo a garantir-se um exerc\u00edcio \u201ccorrecto e conveniente\u201d desta fun\u00e7\u00e3o essencial. Na ocasi\u00e3o, o presidente da Assembleia Nacional sublinhou que 2025 foi um ano \u201cfrut\u00edfero e positivo\u201d para o Parlamento, marcado por intenso trabalho legislativo e pelo cumprimento das responsabilidades constitucionais de representa\u00e7\u00e3o dos cidad\u00e3os, produ\u00e7\u00e3o legislativa e fiscaliza\u00e7\u00e3o pol\u00edtica.<\/p>\n","protected":false},"excerpt":{"rendered":"<p>O presidente da Assembleia Nacional defendeu, ontem, o refor\u00e7o e a clarifica\u00e7\u00e3o do exerc\u00edcio da fiscaliza\u00e7\u00e3o parlamentar sobre o Poder Executivo como um dos principais desafios do Parlamento para 2026. A posi\u00e7\u00e3o foi expressa por Ad\u00e3o de Almeida durante a cerim\u00f3nia de cumprimentos de fim de ano, realizada na Casa das Leis, perante deputados, funcion\u00e1rios [&hellip;]<\/p>\n","protected":false},"author":3,"featured_media":3581,"comment_status":"open","ping_status":"open","sticky":false,"template":"","format":"standard","meta":{"footnotes":""},"categories":[16],"tags":[1462],"class_list":["post-3580","post","type-post","status-publish","format-standard","has-post-thumbnail","hentry","category-actualidade","tag-presidente-da-assembleia-nacional"],"blocksy_meta":[],"_links":{"self":[{"href":"https:\/\/www.radiomais.ao\/index.php\/wp-json\/wp\/v2\/posts\/3580","targetHints":{"allow":["GET"]}}],"collection":[{"href":"https:\/\/www.radiomais.ao\/index.php\/wp-json\/wp\/v2\/posts"}],"about":[{"href":"https:\/\/www.radiomais.ao\/index.php\/wp-json\/wp\/v2\/types\/post"}],"author":[{"embeddable":true,"href":"https:\/\/www.radiomais.ao\/index.php\/wp-json\/wp\/v2\/users\/3"}],"replies":[{"embeddable":true,"href":"https:\/\/www.radiomais.ao\/index.php\/wp-json\/wp\/v2\/comments?post=3580"}],"version-history":[{"count":1,"href":"https:\/\/www.radiomais.ao\/index.php\/wp-json\/wp\/v2\/posts\/3580\/revisions"}],"predecessor-version":[{"id":3582,"href":"https:\/\/www.radiomais.ao\/index.php\/wp-json\/wp\/v2\/posts\/3580\/revisions\/3582"}],"wp:featuredmedia":[{"embeddable":true,"href":"https:\/\/www.radiomais.ao\/index.php\/wp-json\/wp\/v2\/media\/3581"}],"wp:attachment":[{"href":"https:\/\/www.radiomais.ao\/index.php\/wp-json\/wp\/v2\/media?parent=3580"}],"wp:term":[{"taxonomy":"category","embeddable":true,"href":"https:\/\/www.radiomais.ao\/index.php\/wp-json\/wp\/v2\/categories?post=3580"},{"taxonomy":"post_tag","embeddable":true,"href":"https:\/\/www.radiomais.ao\/index.php\/wp-json\/wp\/v2\/tags?post=3580"}],"curies":[{"name":"wp","href":"https:\/\/api.w.org\/{rel}","templated":true}]}}