{"id":3586,"date":"2025-12-18T08:47:01","date_gmt":"2025-12-18T07:47:01","guid":{"rendered":"https:\/\/www.radiomais.ao\/?p=3586"},"modified":"2025-12-18T08:47:01","modified_gmt":"2025-12-18T07:47:01","slug":"rua-da-suave-reaberta-apos-cerca-de-um-ano-em-obras","status":"publish","type":"post","link":"https:\/\/www.radiomais.ao\/index.php\/2025\/12\/18\/rua-da-suave-reaberta-apos-cerca-de-um-ano-em-obras\/","title":{"rendered":"Rua da Suave reaberta ap\u00f3s cerca de um ano em obras."},"content":{"rendered":"\n<p><strong>O governador da prov\u00edncia de Luanda, Lu\u00eds Nunes, procedeu \u00e0 reabertura da Rua da Suave, ontem, 17 de Dezembro, uma via de elevada import\u00e2ncia estrat\u00e9gica para a mobilidade urbana, que esteve encerrada \u00e0 circula\u00e7\u00e3o durante cerca de um ano, no \u00e2mbito do programa de requalifica\u00e7\u00e3o das infra-estruturas rodovi\u00e1rias da capital<\/strong>. Fonte <strong><em><a href=\"https:\/\/www.opais.ao\/sociedade\/rua-da-suave-reaberta-apos-cerca-de-um-ano-em-obras\/\">Opa\u00eds<\/a><\/em><\/strong><\/p>\n","protected":false},"excerpt":{"rendered":"<p>O governador da prov\u00edncia de Luanda, Lu\u00eds Nunes, procedeu \u00e0 reabertura da Rua da Suave, ontem, 17 de Dezembro, uma via de elevada import\u00e2ncia estrat\u00e9gica para a mobilidade urbana, que esteve encerrada \u00e0 circula\u00e7\u00e3o durante cerca de um ano, no \u00e2mbito do programa de requalifica\u00e7\u00e3o das infra-estruturas rodovi\u00e1rias da capital. Fonte Opa\u00eds<\/p>\n","protected":false},"author":3,"featured_media":3587,"comment_status":"open","ping_status":"open","sticky":false,"template":"","format":"standard","meta":{"footnotes":""},"categories":[16],"tags":[1465],"class_list":["post-3586","post","type-post","status-publish","format-standard","has-post-thumbnail","hentry","category-actualidade","tag-rua-da-suave"],"blocksy_meta":[],"_links":{"self":[{"href":"https:\/\/www.radiomais.ao\/index.php\/wp-json\/wp\/v2\/posts\/3586","targetHints":{"allow":["GET"]}}],"collection":[{"href":"https:\/\/www.radiomais.ao\/index.php\/wp-json\/wp\/v2\/posts"}],"about":[{"href":"https:\/\/www.radiomais.ao\/index.php\/wp-json\/wp\/v2\/types\/post"}],"author":[{"embeddable":true,"href":"https:\/\/www.radiomais.ao\/index.php\/wp-json\/wp\/v2\/users\/3"}],"replies":[{"embeddable":true,"href":"https:\/\/www.radiomais.ao\/index.php\/wp-json\/wp\/v2\/comments?post=3586"}],"version-history":[{"count":1,"href":"https:\/\/www.radiomais.ao\/index.php\/wp-json\/wp\/v2\/posts\/3586\/revisions"}],"predecessor-version":[{"id":3588,"href":"https:\/\/www.radiomais.ao\/index.php\/wp-json\/wp\/v2\/posts\/3586\/revisions\/3588"}],"wp:featuredmedia":[{"embeddable":true,"href":"https:\/\/www.radiomais.ao\/index.php\/wp-json\/wp\/v2\/media\/3587"}],"wp:attachment":[{"href":"https:\/\/www.radiomais.ao\/index.php\/wp-json\/wp\/v2\/media?parent=3586"}],"wp:term":[{"taxonomy":"category","embeddable":true,"href":"https:\/\/www.radiomais.ao\/index.php\/wp-json\/wp\/v2\/categories?post=3586"},{"taxonomy":"post_tag","embeddable":true,"href":"https:\/\/www.radiomais.ao\/index.php\/wp-json\/wp\/v2\/tags?post=3586"}],"curies":[{"name":"wp","href":"https:\/\/api.w.org\/{rel}","templated":true}]}}