{"id":3592,"date":"2025-12-18T09:06:10","date_gmt":"2025-12-18T08:06:10","guid":{"rendered":"https:\/\/www.radiomais.ao\/?p=3592"},"modified":"2025-12-18T09:06:10","modified_gmt":"2025-12-18T08:06:10","slug":"dificuldades-de-transportacao-de-produtos-encarecem-precos-da-cesta-basica-em-cabinda","status":"publish","type":"post","link":"https:\/\/www.radiomais.ao\/index.php\/2025\/12\/18\/dificuldades-de-transportacao-de-produtos-encarecem-precos-da-cesta-basica-em-cabinda\/","title":{"rendered":"Dificuldades de transporta\u00e7\u00e3o de produtos encarecem pre\u00e7os da cesta b\u00e1sica em Cabinda."},"content":{"rendered":"\n<p><strong>Numa altura em que se avizinha a quadra festiva, os bens de primeira necessidade que constituem a cesta b\u00e1sica continuam a registar a maior press\u00e3o em termos de pre\u00e7o, o que retira o poder de compra dos cidad\u00e3os em Cabinda<\/strong>. Fonte <strong><em><a href=\"https:\/\/www.opais.ao\/sociedade\/dificuldades-de-transportacao-de-produtos-encarecem-precos-da-cesta-basica-em-cabinda\/\">Opa\u00eds<\/a><\/em><\/strong><\/p>\n","protected":false},"excerpt":{"rendered":"<p>Numa altura em que se avizinha a quadra festiva, os bens de primeira necessidade que constituem a cesta b\u00e1sica continuam a registar a maior press\u00e3o em termos de pre\u00e7o, o que retira o poder de compra dos cidad\u00e3os em Cabinda. Fonte Opa\u00eds<\/p>\n","protected":false},"author":3,"featured_media":3593,"comment_status":"open","ping_status":"open","sticky":false,"template":"","format":"standard","meta":{"footnotes":""},"categories":[16],"tags":[137,1467],"class_list":["post-3592","post","type-post","status-publish","format-standard","has-post-thumbnail","hentry","category-actualidade","tag-cabinda","tag-cesta-basica"],"blocksy_meta":[],"_links":{"self":[{"href":"https:\/\/www.radiomais.ao\/index.php\/wp-json\/wp\/v2\/posts\/3592","targetHints":{"allow":["GET"]}}],"collection":[{"href":"https:\/\/www.radiomais.ao\/index.php\/wp-json\/wp\/v2\/posts"}],"about":[{"href":"https:\/\/www.radiomais.ao\/index.php\/wp-json\/wp\/v2\/types\/post"}],"author":[{"embeddable":true,"href":"https:\/\/www.radiomais.ao\/index.php\/wp-json\/wp\/v2\/users\/3"}],"replies":[{"embeddable":true,"href":"https:\/\/www.radiomais.ao\/index.php\/wp-json\/wp\/v2\/comments?post=3592"}],"version-history":[{"count":1,"href":"https:\/\/www.radiomais.ao\/index.php\/wp-json\/wp\/v2\/posts\/3592\/revisions"}],"predecessor-version":[{"id":3594,"href":"https:\/\/www.radiomais.ao\/index.php\/wp-json\/wp\/v2\/posts\/3592\/revisions\/3594"}],"wp:featuredmedia":[{"embeddable":true,"href":"https:\/\/www.radiomais.ao\/index.php\/wp-json\/wp\/v2\/media\/3593"}],"wp:attachment":[{"href":"https:\/\/www.radiomais.ao\/index.php\/wp-json\/wp\/v2\/media?parent=3592"}],"wp:term":[{"taxonomy":"category","embeddable":true,"href":"https:\/\/www.radiomais.ao\/index.php\/wp-json\/wp\/v2\/categories?post=3592"},{"taxonomy":"post_tag","embeddable":true,"href":"https:\/\/www.radiomais.ao\/index.php\/wp-json\/wp\/v2\/tags?post=3592"}],"curies":[{"name":"wp","href":"https:\/\/api.w.org\/{rel}","templated":true}]}}