{"id":3595,"date":"2025-12-18T09:10:00","date_gmt":"2025-12-18T08:10:00","guid":{"rendered":"https:\/\/www.radiomais.ao\/?p=3595"},"modified":"2025-12-18T09:10:00","modified_gmt":"2025-12-18T08:10:00","slug":"livro-corte-perfeito-convida-leitores-a-um-dialogo-intimo","status":"publish","type":"post","link":"https:\/\/www.radiomais.ao\/index.php\/2025\/12\/18\/livro-corte-perfeito-convida-leitores-a-um-dialogo-intimo\/","title":{"rendered":"Livro \u201cCorte Perfeito\u201d convida leitores a um di\u00e1logo \u2018\u00edntimo\u2019."},"content":{"rendered":"\n<p><strong>O Pal\u00e1cio de Ferro, em Luanda, vai acolher, neste S\u00e1bado, 20, o acto de venda e sess\u00e3o de aut\u00f3grafos do livro \u201cCorte Perfeito\u201d, da escritora angolana Elly Mata, a partir das 17h00, sob a chancela da editora Chiado Books<\/strong>.<\/p>\n","protected":false},"excerpt":{"rendered":"<p>O Pal\u00e1cio de Ferro, em Luanda, vai acolher, neste S\u00e1bado, 20, o acto de venda e sess\u00e3o de aut\u00f3grafos do livro \u201cCorte Perfeito\u201d, da escritora angolana Elly Mata, a partir das 17h00, sob a chancela da editora Chiado Books.<\/p>\n","protected":false},"author":3,"featured_media":3597,"comment_status":"open","ping_status":"open","sticky":false,"template":"","format":"standard","meta":{"footnotes":""},"categories":[16],"tags":[296,1468,1469],"class_list":["post-3595","post","type-post","status-publish","format-standard","has-post-thumbnail","hentry","category-actualidade","tag-cultura","tag-lancamento","tag-livro-corte-perfeito"],"blocksy_meta":[],"_links":{"self":[{"href":"https:\/\/www.radiomais.ao\/index.php\/wp-json\/wp\/v2\/posts\/3595","targetHints":{"allow":["GET"]}}],"collection":[{"href":"https:\/\/www.radiomais.ao\/index.php\/wp-json\/wp\/v2\/posts"}],"about":[{"href":"https:\/\/www.radiomais.ao\/index.php\/wp-json\/wp\/v2\/types\/post"}],"author":[{"embeddable":true,"href":"https:\/\/www.radiomais.ao\/index.php\/wp-json\/wp\/v2\/users\/3"}],"replies":[{"embeddable":true,"href":"https:\/\/www.radiomais.ao\/index.php\/wp-json\/wp\/v2\/comments?post=3595"}],"version-history":[{"count":1,"href":"https:\/\/www.radiomais.ao\/index.php\/wp-json\/wp\/v2\/posts\/3595\/revisions"}],"predecessor-version":[{"id":3598,"href":"https:\/\/www.radiomais.ao\/index.php\/wp-json\/wp\/v2\/posts\/3595\/revisions\/3598"}],"wp:featuredmedia":[{"embeddable":true,"href":"https:\/\/www.radiomais.ao\/index.php\/wp-json\/wp\/v2\/media\/3597"}],"wp:attachment":[{"href":"https:\/\/www.radiomais.ao\/index.php\/wp-json\/wp\/v2\/media?parent=3595"}],"wp:term":[{"taxonomy":"category","embeddable":true,"href":"https:\/\/www.radiomais.ao\/index.php\/wp-json\/wp\/v2\/categories?post=3595"},{"taxonomy":"post_tag","embeddable":true,"href":"https:\/\/www.radiomais.ao\/index.php\/wp-json\/wp\/v2\/tags?post=3595"}],"curies":[{"name":"wp","href":"https:\/\/api.w.org\/{rel}","templated":true}]}}