{"id":3599,"date":"2025-12-18T09:27:53","date_gmt":"2025-12-18T08:27:53","guid":{"rendered":"https:\/\/www.radiomais.ao\/?p=3599"},"modified":"2025-12-18T09:27:53","modified_gmt":"2025-12-18T08:27:53","slug":"mais-de-2-mil-familias-em-situacao-de-vulnerabilidade-no-kuito-vao-beneficiar-do-kuenda-urbano","status":"publish","type":"post","link":"https:\/\/www.radiomais.ao\/index.php\/2025\/12\/18\/mais-de-2-mil-familias-em-situacao-de-vulnerabilidade-no-kuito-vao-beneficiar-do-kuenda-urbano\/","title":{"rendered":"Mais de 2 \u00a0mil fam\u00edlias  em situa\u00e7\u00e3o de vulnerabilidade  no ku\u00edto v\u00e3o beneficiar do kuenda Urbano."},"content":{"rendered":"\n<p>Mais de duas &nbsp;mil fam\u00edlias que vivem em situa\u00e7\u00e3o de vulnerabilidade na cidade do kuito, prov\u00edncia do Bi\u00e9, v\u00e3o beneficiar do Cuenda Urbano, Sub-Programa &nbsp;de transfer\u00eancias &nbsp;Socias Monet\u00e1rias, Lan\u00e7ado ontem naquela prov\u00edncia pelo Instituto de Desenvolvimento local.<\/p>\n\n\n\n<p>A Governadora da prov\u00edncia do Bi\u00e9, Celeste Adolfo que presidiu ao acto de lan\u00e7amento do Programa, &nbsp;disse que estas transfer\u00eancias monet\u00e1rias s\u00e3o muitas vezes canalisadas na \u00e1rea da agricultura, alimenta\u00e7\u00e3o e cuidados de sa\u00fade.<\/p>\n","protected":false},"excerpt":{"rendered":"<p>Mais de duas &nbsp;mil fam\u00edlias que vivem em situa\u00e7\u00e3o de vulnerabilidade na cidade do kuito, prov\u00edncia do Bi\u00e9, v\u00e3o beneficiar do Cuenda Urbano, Sub-Programa &nbsp;de transfer\u00eancias &nbsp;Socias Monet\u00e1rias, Lan\u00e7ado ontem naquela prov\u00edncia pelo Instituto de Desenvolvimento local. A Governadora da prov\u00edncia do Bi\u00e9, Celeste Adolfo que presidiu ao acto de lan\u00e7amento do Programa, &nbsp;disse que [&hellip;]<\/p>\n","protected":false},"author":3,"featured_media":3600,"comment_status":"open","ping_status":"open","sticky":false,"template":"","format":"standard","meta":{"footnotes":""},"categories":[16],"tags":[1471,1470],"class_list":["post-3599","post","type-post","status-publish","format-standard","has-post-thumbnail","hentry","category-actualidade","tag-familias-vulneraveis","tag-kwenda-urbano"],"blocksy_meta":[],"_links":{"self":[{"href":"https:\/\/www.radiomais.ao\/index.php\/wp-json\/wp\/v2\/posts\/3599","targetHints":{"allow":["GET"]}}],"collection":[{"href":"https:\/\/www.radiomais.ao\/index.php\/wp-json\/wp\/v2\/posts"}],"about":[{"href":"https:\/\/www.radiomais.ao\/index.php\/wp-json\/wp\/v2\/types\/post"}],"author":[{"embeddable":true,"href":"https:\/\/www.radiomais.ao\/index.php\/wp-json\/wp\/v2\/users\/3"}],"replies":[{"embeddable":true,"href":"https:\/\/www.radiomais.ao\/index.php\/wp-json\/wp\/v2\/comments?post=3599"}],"version-history":[{"count":1,"href":"https:\/\/www.radiomais.ao\/index.php\/wp-json\/wp\/v2\/posts\/3599\/revisions"}],"predecessor-version":[{"id":3601,"href":"https:\/\/www.radiomais.ao\/index.php\/wp-json\/wp\/v2\/posts\/3599\/revisions\/3601"}],"wp:featuredmedia":[{"embeddable":true,"href":"https:\/\/www.radiomais.ao\/index.php\/wp-json\/wp\/v2\/media\/3600"}],"wp:attachment":[{"href":"https:\/\/www.radiomais.ao\/index.php\/wp-json\/wp\/v2\/media?parent=3599"}],"wp:term":[{"taxonomy":"category","embeddable":true,"href":"https:\/\/www.radiomais.ao\/index.php\/wp-json\/wp\/v2\/categories?post=3599"},{"taxonomy":"post_tag","embeddable":true,"href":"https:\/\/www.radiomais.ao\/index.php\/wp-json\/wp\/v2\/tags?post=3599"}],"curies":[{"name":"wp","href":"https:\/\/api.w.org\/{rel}","templated":true}]}}