{"id":3602,"date":"2025-12-18T09:38:58","date_gmt":"2025-12-18T08:38:58","guid":{"rendered":"https:\/\/www.radiomais.ao\/?p=3602"},"modified":"2025-12-18T09:38:58","modified_gmt":"2025-12-18T08:38:58","slug":"sic-detem-chefe-do-gabinete-juridico-da-administracao-municipal-do-sequele","status":"publish","type":"post","link":"https:\/\/www.radiomais.ao\/index.php\/2025\/12\/18\/sic-detem-chefe-do-gabinete-juridico-da-administracao-municipal-do-sequele\/","title":{"rendered":"Sic det\u00e9m Chefe do Gabinete Jur\u00eddico da administra\u00e7\u00e3o municipal do sequele."},"content":{"rendered":"\n<p>Funcion\u00e1rio da Administra\u00e7\u00e3o Municipal do Sequele, que exercia o cargo de Chefe do Gabinete Jur\u00eddico, foi detido em flagrante delito pelo Servi\u00e7o de Investiga\u00e7\u00e3o Criminal, por crimes de resist\u00eancia, agress\u00e3o f\u00edsica e danos contra agentes da autoridade.<\/p>\n\n\n\n<p>A deten\u00e7\u00e3o ocorreu , no interior da pr\u00f3pria Administra\u00e7\u00e3o Municipal do Sequele, na prov\u00edncia do Icolo e Bengo, no momento em que efectivos do SIC, afectos ao Departamento de Combate aos Crimes de Corrup\u00e7\u00e3o, se deslocaram ao local para cumprir uma ordem de compar\u00eancia sob cust\u00f3dia, emitida pelo Minist\u00e9rio P\u00fablico.  De acordo com o porta voz do SIC, Manuel Halaiwa o cidad\u00e3o j\u00e1 havia sido notificado por mais de duas vezes para comparecer \u00e0s autoridades, no \u00e2mbito de um processo-crime que investiga os crimes de corrup\u00e7\u00e3o activa e associa\u00e7\u00e3o criminosa, sem nunca se apresentar.<\/p>\n","protected":false},"excerpt":{"rendered":"<p>Funcion\u00e1rio da Administra\u00e7\u00e3o Municipal do Sequele, que exercia o cargo de Chefe do Gabinete Jur\u00eddico, foi detido em flagrante delito pelo Servi\u00e7o de Investiga\u00e7\u00e3o Criminal, por crimes de resist\u00eancia, agress\u00e3o f\u00edsica e danos contra agentes da autoridade. A deten\u00e7\u00e3o ocorreu , no interior da pr\u00f3pria Administra\u00e7\u00e3o Municipal do Sequele, na prov\u00edncia do Icolo e Bengo, [&hellip;]<\/p>\n","protected":false},"author":3,"featured_media":3603,"comment_status":"open","ping_status":"open","sticky":false,"template":"","format":"standard","meta":{"footnotes":""},"categories":[16],"tags":[1472,119],"class_list":["post-3602","post","type-post","status-publish","format-standard","has-post-thumbnail","hentry","category-actualidade","tag-chefe-da-administracao-do-sequele","tag-sic"],"blocksy_meta":[],"_links":{"self":[{"href":"https:\/\/www.radiomais.ao\/index.php\/wp-json\/wp\/v2\/posts\/3602","targetHints":{"allow":["GET"]}}],"collection":[{"href":"https:\/\/www.radiomais.ao\/index.php\/wp-json\/wp\/v2\/posts"}],"about":[{"href":"https:\/\/www.radiomais.ao\/index.php\/wp-json\/wp\/v2\/types\/post"}],"author":[{"embeddable":true,"href":"https:\/\/www.radiomais.ao\/index.php\/wp-json\/wp\/v2\/users\/3"}],"replies":[{"embeddable":true,"href":"https:\/\/www.radiomais.ao\/index.php\/wp-json\/wp\/v2\/comments?post=3602"}],"version-history":[{"count":1,"href":"https:\/\/www.radiomais.ao\/index.php\/wp-json\/wp\/v2\/posts\/3602\/revisions"}],"predecessor-version":[{"id":3604,"href":"https:\/\/www.radiomais.ao\/index.php\/wp-json\/wp\/v2\/posts\/3602\/revisions\/3604"}],"wp:featuredmedia":[{"embeddable":true,"href":"https:\/\/www.radiomais.ao\/index.php\/wp-json\/wp\/v2\/media\/3603"}],"wp:attachment":[{"href":"https:\/\/www.radiomais.ao\/index.php\/wp-json\/wp\/v2\/media?parent=3602"}],"wp:term":[{"taxonomy":"category","embeddable":true,"href":"https:\/\/www.radiomais.ao\/index.php\/wp-json\/wp\/v2\/categories?post=3602"},{"taxonomy":"post_tag","embeddable":true,"href":"https:\/\/www.radiomais.ao\/index.php\/wp-json\/wp\/v2\/tags?post=3602"}],"curies":[{"name":"wp","href":"https:\/\/api.w.org\/{rel}","templated":true}]}}