{"id":3610,"date":"2025-12-18T10:55:32","date_gmt":"2025-12-18T09:55:32","guid":{"rendered":"https:\/\/www.radiomais.ao\/?p=3610"},"modified":"2025-12-18T10:55:32","modified_gmt":"2025-12-18T09:55:32","slug":"uma-viatura-foi-totalmente-consumida-pelas-chamas-no-kilamba-kiaxe","status":"publish","type":"post","link":"https:\/\/www.radiomais.ao\/index.php\/2025\/12\/18\/uma-viatura-foi-totalmente-consumida-pelas-chamas-no-kilamba-kiaxe\/","title":{"rendered":"Uma viatura foi totalmente consumida pelas chamas no Kilamba Kiaxe."},"content":{"rendered":"\n<p>Uma viatura foi totalmente consumida pelo fogo na manh\u00e3 desta quinta-feira no tro\u00e7o Vila-Golf 2, munic\u00edpio do Kilamba Kiaxi.<\/p>\n\n\n\n<p>O panico instalou-se \u00e0s 06 da manh\u00e3, quando a viatura de marca Corola come\u00e7ou a dar os sinais de chama, tendo chamado aten\u00e7\u00e3o dos populares presentes que, tentaram estancar o fogo, mas sem sucesso.<\/p>\n\n\n<div \n    class=\"align wp-block-scb-sound-cloud\"    id=\"scbSoundCloud-1\"\n    data-attributes='{&quot;cId&quot;:&quot;2b3a3eaf-e&quot;,&quot;tracks&quot;:[{&quot;url&quot;:&quot;https:\\\/\\\/soundcloud.com\\\/radio-mais-luanda\\\/uma-viatura-foi-totalmente-consumida-pelas-chamas-em-luanda?si=c14fe94ecc234b9c93981a8b281005d6&amp;utm_source=clipboard&amp;utm_medium=text&amp;utm_campaign=social_sharing&quot;,&quot;startTrack&quot;:0}],&quot;alignment&quot;:&quot;center&quot;,&quot;align&quot;:&quot;&quot;,&quot;options&quot;:{&quot;isAutoPlay&quot;:true,&quot;color&quot;:&quot;#f50&quot;,&quot;isBuying&quot;:true,&quot;isSharing&quot;:true,&quot;isDownload&quot;:true,&quot;isArtWork&quot;:true,&quot;isPlayCount&quot;:true,&quot;isUser&quot;:true,&quot;isSingleActive&quot;:true,&quot;isComments&quot;:true,&quot;isVisual&quot;:false,&quot;isTeaser&quot;:false,&quot;isHideRelated&quot;:false},&quot;iframeStyle&quot;:{&quot;width&quot;:&quot;100%&quot;,&quot;height&quot;:&quot;170px&quot;},&quot;frameBorder&quot;:{&quot;color&quot;:&quot;#000&quot;,&quot;style&quot;:&quot;solid&quot;,&quot;width&quot;:&quot;1px&quot;},&quot;frameBRadius&quot;:{&quot;top&quot;:&quot;3px&quot;,&quot;bottom&quot;:&quot;3px&quot;,&quot;left&quot;:&quot;3px&quot;,&quot;right&quot;:&quot;3px&quot;},&quot;frameBoxShadow&quot;:[]}'>\n<\/div>\n\n \n      ","protected":false},"excerpt":{"rendered":"<p>Uma viatura foi totalmente consumida pelo fogo na manh\u00e3 desta quinta-feira no tro\u00e7o Vila-Golf 2, munic\u00edpio do Kilamba Kiaxi. O panico instalou-se \u00e0s 06 da manh\u00e3, quando a viatura de marca Corola come\u00e7ou a dar os sinais de chama, tendo chamado aten\u00e7\u00e3o dos populares presentes que, tentaram estancar o fogo, mas sem sucesso.<\/p>\n","protected":false},"author":3,"featured_media":3611,"comment_status":"open","ping_status":"open","sticky":false,"template":"","format":"standard","meta":{"footnotes":""},"categories":[16],"tags":[1477,1476],"class_list":["post-3610","post","type-post","status-publish","format-standard","has-post-thumbnail","hentry","category-actualidade","tag-em-chamas","tag-viatura"],"blocksy_meta":[],"_links":{"self":[{"href":"https:\/\/www.radiomais.ao\/index.php\/wp-json\/wp\/v2\/posts\/3610","targetHints":{"allow":["GET"]}}],"collection":[{"href":"https:\/\/www.radiomais.ao\/index.php\/wp-json\/wp\/v2\/posts"}],"about":[{"href":"https:\/\/www.radiomais.ao\/index.php\/wp-json\/wp\/v2\/types\/post"}],"author":[{"embeddable":true,"href":"https:\/\/www.radiomais.ao\/index.php\/wp-json\/wp\/v2\/users\/3"}],"replies":[{"embeddable":true,"href":"https:\/\/www.radiomais.ao\/index.php\/wp-json\/wp\/v2\/comments?post=3610"}],"version-history":[{"count":1,"href":"https:\/\/www.radiomais.ao\/index.php\/wp-json\/wp\/v2\/posts\/3610\/revisions"}],"predecessor-version":[{"id":3612,"href":"https:\/\/www.radiomais.ao\/index.php\/wp-json\/wp\/v2\/posts\/3610\/revisions\/3612"}],"wp:featuredmedia":[{"embeddable":true,"href":"https:\/\/www.radiomais.ao\/index.php\/wp-json\/wp\/v2\/media\/3611"}],"wp:attachment":[{"href":"https:\/\/www.radiomais.ao\/index.php\/wp-json\/wp\/v2\/media?parent=3610"}],"wp:term":[{"taxonomy":"category","embeddable":true,"href":"https:\/\/www.radiomais.ao\/index.php\/wp-json\/wp\/v2\/categories?post=3610"},{"taxonomy":"post_tag","embeddable":true,"href":"https:\/\/www.radiomais.ao\/index.php\/wp-json\/wp\/v2\/tags?post=3610"}],"curies":[{"name":"wp","href":"https:\/\/api.w.org\/{rel}","templated":true}]}}