{"id":3615,"date":"2025-12-18T13:40:22","date_gmt":"2025-12-18T12:40:22","guid":{"rendered":"https:\/\/www.radiomais.ao\/?p=3615"},"modified":"2025-12-18T13:55:05","modified_gmt":"2025-12-18T12:55:05","slug":"esta-restabelecido-o-fornecimento-de-energia-electrica-nas-provincias-de-benguela-e-cuanza-sul","status":"publish","type":"post","link":"https:\/\/www.radiomais.ao\/index.php\/2025\/12\/18\/esta-restabelecido-o-fornecimento-de-energia-electrica-nas-provincias-de-benguela-e-cuanza-sul\/","title":{"rendered":"Restabelecida a energia el\u00e9trica no Cuanza-Sul e em Benguela."},"content":{"rendered":"\n<p>Est\u00e1 reposto o fornecimento de energia el\u00e9ctrica nas prov\u00edncias do Cuanza Sul e de Benguela, ap\u00f3s o apag\u00e3o registado nas \u00faltimas 48 horas, em consequ\u00eancia da vandaliza\u00e7\u00e3o de cinco torres de transportes de corrente electrica, na passada ter\u00e7a-feira.<\/p>\n\n\n\n<p>Lauro Fornato, Administrador da ENDE, confirmou hoje a R\u00e1dio Mais, que os trabalhos foram conclu\u00eddos na noite de ontem.<\/p>\n\n\n<div \n    class=\"align wp-block-scb-sound-cloud\"    id=\"scbSoundCloud-1\"\n    data-attributes='{&quot;cId&quot;:&quot;1f381135-5&quot;,&quot;tracks&quot;:[{&quot;url&quot;:&quot;https:\\\/\\\/soundcloud.com\\\/radio-mais-luanda\\\/restabelecida-a-energia-eletrica-no-cuanza-sul-e-em-benguela?si=a4ad34bec3964de09af3bbd91046b403&amp;utm_source=clipboard&amp;utm_medium=text&amp;utm_campaign=social_sharing&quot;,&quot;startTrack&quot;:0}],&quot;alignment&quot;:&quot;center&quot;,&quot;align&quot;:&quot;&quot;,&quot;options&quot;:{&quot;isAutoPlay&quot;:true,&quot;color&quot;:&quot;#f50&quot;,&quot;isBuying&quot;:true,&quot;isSharing&quot;:true,&quot;isDownload&quot;:true,&quot;isArtWork&quot;:true,&quot;isPlayCount&quot;:true,&quot;isUser&quot;:true,&quot;isSingleActive&quot;:true,&quot;isComments&quot;:true,&quot;isVisual&quot;:false,&quot;isTeaser&quot;:false,&quot;isHideRelated&quot;:false},&quot;iframeStyle&quot;:{&quot;width&quot;:&quot;100%&quot;,&quot;height&quot;:&quot;170px&quot;},&quot;frameBorder&quot;:{&quot;color&quot;:&quot;#000&quot;,&quot;style&quot;:&quot;solid&quot;,&quot;width&quot;:&quot;1px&quot;},&quot;frameBRadius&quot;:{&quot;top&quot;:&quot;3px&quot;,&quot;bottom&quot;:&quot;3px&quot;,&quot;left&quot;:&quot;3px&quot;,&quot;right&quot;:&quot;3px&quot;},&quot;frameBoxShadow&quot;:[]}'>\n<\/div>\n\n \n      ","protected":false},"excerpt":{"rendered":"<p>Est\u00e1 reposto o fornecimento de energia el\u00e9ctrica nas prov\u00edncias do Cuanza Sul e de Benguela, ap\u00f3s o apag\u00e3o registado nas \u00faltimas 48 horas, em consequ\u00eancia da vandaliza\u00e7\u00e3o de cinco torres de transportes de corrente electrica, na passada ter\u00e7a-feira. Lauro Fornato, Administrador da ENDE, confirmou hoje a R\u00e1dio Mais, que os trabalhos foram conclu\u00eddos na noite [&hellip;]<\/p>\n","protected":false},"author":3,"featured_media":3555,"comment_status":"open","ping_status":"open","sticky":false,"template":"","format":"standard","meta":{"footnotes":""},"categories":[16],"tags":[1478,873],"class_list":["post-3615","post","type-post","status-publish","format-standard","has-post-thumbnail","hentry","category-actualidade","tag-corte-de-energia","tag-vandalismo"],"blocksy_meta":[],"_links":{"self":[{"href":"https:\/\/www.radiomais.ao\/index.php\/wp-json\/wp\/v2\/posts\/3615","targetHints":{"allow":["GET"]}}],"collection":[{"href":"https:\/\/www.radiomais.ao\/index.php\/wp-json\/wp\/v2\/posts"}],"about":[{"href":"https:\/\/www.radiomais.ao\/index.php\/wp-json\/wp\/v2\/types\/post"}],"author":[{"embeddable":true,"href":"https:\/\/www.radiomais.ao\/index.php\/wp-json\/wp\/v2\/users\/3"}],"replies":[{"embeddable":true,"href":"https:\/\/www.radiomais.ao\/index.php\/wp-json\/wp\/v2\/comments?post=3615"}],"version-history":[{"count":3,"href":"https:\/\/www.radiomais.ao\/index.php\/wp-json\/wp\/v2\/posts\/3615\/revisions"}],"predecessor-version":[{"id":3622,"href":"https:\/\/www.radiomais.ao\/index.php\/wp-json\/wp\/v2\/posts\/3615\/revisions\/3622"}],"wp:featuredmedia":[{"embeddable":true,"href":"https:\/\/www.radiomais.ao\/index.php\/wp-json\/wp\/v2\/media\/3555"}],"wp:attachment":[{"href":"https:\/\/www.radiomais.ao\/index.php\/wp-json\/wp\/v2\/media?parent=3615"}],"wp:term":[{"taxonomy":"category","embeddable":true,"href":"https:\/\/www.radiomais.ao\/index.php\/wp-json\/wp\/v2\/categories?post=3615"},{"taxonomy":"post_tag","embeddable":true,"href":"https:\/\/www.radiomais.ao\/index.php\/wp-json\/wp\/v2\/tags?post=3615"}],"curies":[{"name":"wp","href":"https:\/\/api.w.org\/{rel}","templated":true}]}}