{"id":3619,"date":"2025-12-18T13:53:55","date_gmt":"2025-12-18T12:53:55","guid":{"rendered":"https:\/\/www.radiomais.ao\/?p=3619"},"modified":"2025-12-18T13:59:17","modified_gmt":"2025-12-18T12:59:17","slug":"ministra-silvia-lutucuta-em-paris-para-reforcar-parceria-no-dominio-da-saude","status":"publish","type":"post","link":"https:\/\/www.radiomais.ao\/index.php\/2025\/12\/18\/ministra-silvia-lutucuta-em-paris-para-reforcar-parceria-no-dominio-da-saude\/","title":{"rendered":"Ministra  S\u00edlvia lutucuta em Paris para refor\u00e7ar parceria no dom\u00ednio da Sa\u00fade."},"content":{"rendered":"\n<p>Angola e Fran\u00e7a est\u00e3o a refor\u00e7ar a parceria estrat\u00e9gica no sector da sa\u00fade.<\/p>\n\n\n\n<p>A Ministra da Sa\u00fade, S\u00edlvia Lutucuta, realiza uma visita de trabalho a Paris para promover a coopera\u00e7\u00e3o bilateral, com destaque para a cria\u00e7\u00e3o do futuro Instituto Oftalmol\u00f3gico de Angola .<\/p>\n\n\n\n<p>Durante a visita, a delega\u00e7\u00e3o angolana conheceu o prestigiado Hospital Funda\u00e7\u00e3o <strong>Adolphe de Rothschild,<\/strong> refer\u00eancia europeia em oftalmologia, com o objetivo de absorver boas pr\u00e1ticas para a constru\u00e7\u00e3o e opera\u00e7\u00e3o do futuro Intituto em Angola.<\/p>\n\n\n<div \n    class=\"align wp-block-scb-sound-cloud\"    id=\"scbSoundCloud-1\"\n    data-attributes='{&quot;cId&quot;:&quot;59c7513f-a&quot;,&quot;tracks&quot;:[{&quot;url&quot;:&quot;https:\\\/\\\/soundcloud.com\\\/radio-mais-luanda\\\/angola-e-franca-reforcam-parcerias-no-dominio-da-saude?si=01fc3e02428a40da8fd4f24d67dcab1c&amp;utm_source=clipboard&amp;utm_medium=text&amp;utm_campaign=social_sharing&quot;,&quot;startTrack&quot;:0}],&quot;alignment&quot;:&quot;center&quot;,&quot;align&quot;:&quot;&quot;,&quot;options&quot;:{&quot;isAutoPlay&quot;:true,&quot;color&quot;:&quot;#f50&quot;,&quot;isBuying&quot;:true,&quot;isSharing&quot;:true,&quot;isDownload&quot;:true,&quot;isArtWork&quot;:true,&quot;isPlayCount&quot;:true,&quot;isUser&quot;:true,&quot;isSingleActive&quot;:true,&quot;isComments&quot;:true,&quot;isVisual&quot;:false,&quot;isTeaser&quot;:false,&quot;isHideRelated&quot;:false},&quot;iframeStyle&quot;:{&quot;width&quot;:&quot;100%&quot;,&quot;height&quot;:&quot;170px&quot;},&quot;frameBorder&quot;:{&quot;color&quot;:&quot;#000&quot;,&quot;style&quot;:&quot;solid&quot;,&quot;width&quot;:&quot;1px&quot;},&quot;frameBRadius&quot;:{&quot;top&quot;:&quot;3px&quot;,&quot;bottom&quot;:&quot;3px&quot;,&quot;left&quot;:&quot;3px&quot;,&quot;right&quot;:&quot;3px&quot;},&quot;frameBoxShadow&quot;:[]}'>\n<\/div>\n\n \n      ","protected":false},"excerpt":{"rendered":"<p>Angola e Fran\u00e7a est\u00e3o a refor\u00e7ar a parceria estrat\u00e9gica no sector da sa\u00fade. A Ministra da Sa\u00fade, S\u00edlvia Lutucuta, realiza uma visita de trabalho a Paris para promover a coopera\u00e7\u00e3o bilateral, com destaque para a cria\u00e7\u00e3o do futuro Instituto Oftalmol\u00f3gico de Angola . Durante a visita, a delega\u00e7\u00e3o angolana conheceu o prestigiado Hospital Funda\u00e7\u00e3o Adolphe [&hellip;]<\/p>\n","protected":false},"author":3,"featured_media":3620,"comment_status":"open","ping_status":"open","sticky":false,"template":"","format":"standard","meta":{"footnotes":""},"categories":[16],"tags":[1479,1065],"class_list":["post-3619","post","type-post","status-publish","format-standard","has-post-thumbnail","hentry","category-actualidade","tag-em-franca","tag-ministra-da-saude"],"blocksy_meta":[],"_links":{"self":[{"href":"https:\/\/www.radiomais.ao\/index.php\/wp-json\/wp\/v2\/posts\/3619","targetHints":{"allow":["GET"]}}],"collection":[{"href":"https:\/\/www.radiomais.ao\/index.php\/wp-json\/wp\/v2\/posts"}],"about":[{"href":"https:\/\/www.radiomais.ao\/index.php\/wp-json\/wp\/v2\/types\/post"}],"author":[{"embeddable":true,"href":"https:\/\/www.radiomais.ao\/index.php\/wp-json\/wp\/v2\/users\/3"}],"replies":[{"embeddable":true,"href":"https:\/\/www.radiomais.ao\/index.php\/wp-json\/wp\/v2\/comments?post=3619"}],"version-history":[{"count":2,"href":"https:\/\/www.radiomais.ao\/index.php\/wp-json\/wp\/v2\/posts\/3619\/revisions"}],"predecessor-version":[{"id":3623,"href":"https:\/\/www.radiomais.ao\/index.php\/wp-json\/wp\/v2\/posts\/3619\/revisions\/3623"}],"wp:featuredmedia":[{"embeddable":true,"href":"https:\/\/www.radiomais.ao\/index.php\/wp-json\/wp\/v2\/media\/3620"}],"wp:attachment":[{"href":"https:\/\/www.radiomais.ao\/index.php\/wp-json\/wp\/v2\/media?parent=3619"}],"wp:term":[{"taxonomy":"category","embeddable":true,"href":"https:\/\/www.radiomais.ao\/index.php\/wp-json\/wp\/v2\/categories?post=3619"},{"taxonomy":"post_tag","embeddable":true,"href":"https:\/\/www.radiomais.ao\/index.php\/wp-json\/wp\/v2\/tags?post=3619"}],"curies":[{"name":"wp","href":"https:\/\/api.w.org\/{rel}","templated":true}]}}