{"id":3630,"date":"2025-12-19T09:14:26","date_gmt":"2025-12-19T08:14:26","guid":{"rendered":"https:\/\/www.radiomais.ao\/?p=3630"},"modified":"2025-12-19T09:14:26","modified_gmt":"2025-12-19T08:14:26","slug":"pr-cria-comissao-de-exequias-para-o-funeral-de-fernando-da-piedade-dias-dos-santos","status":"publish","type":"post","link":"https:\/\/www.radiomais.ao\/index.php\/2025\/12\/19\/pr-cria-comissao-de-exequias-para-o-funeral-de-fernando-da-piedade-dias-dos-santos\/","title":{"rendered":"PR cria Comiss\u00e3o de Ex\u00e9quias para o funeral de Fernando da Piedade Dias dos Santos."},"content":{"rendered":"\n<p>O Presidente da Rep\u00fablica, Jo\u00e3o Louren\u00e7o, determinou a cria\u00e7\u00e3o de uma Comiss\u00e3o encarregue de organizar as ex\u00e9quias f\u00fanebres de Fernando da Piedade Dias dos Santos, conhecido por \u201cNand\u00f3\u201d, antigo vice-presidente e presidente da Assembleia Nacional.<\/p>\n\n\n\n<p>A decis\u00e3o consta de um documento, no qual o Chefe de Estado fundamenta a medida nos dispositivos da Constitui\u00e7\u00e3o da Rep\u00fablica de Angola e no Regime de Organiza\u00e7\u00e3o e Funcionamento dos \u00d3rg\u00e3os Auxiliares do Presidente da Rep\u00fablica.<\/p>\n\n\n\n<p>A Comiss\u00e3o ser\u00e1 coordenada pelo ministro de Estado e Chefe da Casa Militar do Presidente da Rep\u00fablica e integra, entre outras entidades, o ministro do Interior, da Defesa Nacional, das Rela\u00e7\u00f5es Exteriores, da Administra\u00e7\u00e3o do Territ\u00f3rio, das Telecomunica\u00e7\u00f5es, Tecnologias de Informa\u00e7\u00e3o e Comunica\u00e7\u00e3o Social, da Sa\u00fade, das Finan\u00e7as, do governador de Luanda e do secret\u00e1rio-geral do Presidente da Rep\u00fablica.<\/p>\n\n\n\n<p>De acordo com o documento, os titulares dos departamentos ministeriais indicados dever\u00e3o designar representantes para assegurar o cumprimento da miss\u00e3o atribu\u00edda \u00e0 Comiss\u00e3o, que ter\u00e1 como principais responsabilidades a elabora\u00e7\u00e3o do programa das ex\u00e9quias e a cria\u00e7\u00e3o de todas as condi\u00e7\u00f5es necess\u00e1rias para a realiza\u00e7\u00e3o do funeral.<\/p>\n\n\n\n<p>O documento estabelece ainda que quaisquer d\u00favidas ou omiss\u00f5es resultantes da interpreta\u00e7\u00e3o e aplica\u00e7\u00e3o do despacho ser\u00e3o resolvidas diretamente pelo Presidente da Rep\u00fablica.<\/p>\n","protected":false},"excerpt":{"rendered":"<p>O Presidente da Rep\u00fablica, Jo\u00e3o Louren\u00e7o, determinou a cria\u00e7\u00e3o de uma Comiss\u00e3o encarregue de organizar as ex\u00e9quias f\u00fanebres de Fernando da Piedade Dias dos Santos, conhecido por \u201cNand\u00f3\u201d, antigo vice-presidente e presidente da Assembleia Nacional. A decis\u00e3o consta de um documento, no qual o Chefe de Estado fundamenta a medida nos dispositivos da Constitui\u00e7\u00e3o da [&hellip;]<\/p>\n","protected":false},"author":3,"featured_media":3631,"comment_status":"open","ping_status":"open","sticky":false,"template":"","format":"standard","meta":{"footnotes":""},"categories":[16],"tags":[1482,717],"class_list":["post-3630","post","type-post","status-publish","format-standard","has-post-thumbnail","hentry","category-actualidade","tag-funeral-nando","tag-pr-joao-lourenco"],"blocksy_meta":[],"_links":{"self":[{"href":"https:\/\/www.radiomais.ao\/index.php\/wp-json\/wp\/v2\/posts\/3630","targetHints":{"allow":["GET"]}}],"collection":[{"href":"https:\/\/www.radiomais.ao\/index.php\/wp-json\/wp\/v2\/posts"}],"about":[{"href":"https:\/\/www.radiomais.ao\/index.php\/wp-json\/wp\/v2\/types\/post"}],"author":[{"embeddable":true,"href":"https:\/\/www.radiomais.ao\/index.php\/wp-json\/wp\/v2\/users\/3"}],"replies":[{"embeddable":true,"href":"https:\/\/www.radiomais.ao\/index.php\/wp-json\/wp\/v2\/comments?post=3630"}],"version-history":[{"count":1,"href":"https:\/\/www.radiomais.ao\/index.php\/wp-json\/wp\/v2\/posts\/3630\/revisions"}],"predecessor-version":[{"id":3632,"href":"https:\/\/www.radiomais.ao\/index.php\/wp-json\/wp\/v2\/posts\/3630\/revisions\/3632"}],"wp:featuredmedia":[{"embeddable":true,"href":"https:\/\/www.radiomais.ao\/index.php\/wp-json\/wp\/v2\/media\/3631"}],"wp:attachment":[{"href":"https:\/\/www.radiomais.ao\/index.php\/wp-json\/wp\/v2\/media?parent=3630"}],"wp:term":[{"taxonomy":"category","embeddable":true,"href":"https:\/\/www.radiomais.ao\/index.php\/wp-json\/wp\/v2\/categories?post=3630"},{"taxonomy":"post_tag","embeddable":true,"href":"https:\/\/www.radiomais.ao\/index.php\/wp-json\/wp\/v2\/tags?post=3630"}],"curies":[{"name":"wp","href":"https:\/\/api.w.org\/{rel}","templated":true}]}}