{"id":3633,"date":"2025-12-19T09:18:12","date_gmt":"2025-12-19T08:18:12","guid":{"rendered":"https:\/\/www.radiomais.ao\/?p=3633"},"modified":"2025-12-19T09:18:12","modified_gmt":"2025-12-19T08:18:12","slug":"luanda-regista-22-casos-de-intoxicacao-alimentar-e-cinco-obitos-desde-janeiro","status":"publish","type":"post","link":"https:\/\/www.radiomais.ao\/index.php\/2025\/12\/19\/luanda-regista-22-casos-de-intoxicacao-alimentar-e-cinco-obitos-desde-janeiro\/","title":{"rendered":"Luanda regista 22 casos de intoxica\u00e7\u00e3o alimentar e cinco \u00f3bitos desde Janeiro."},"content":{"rendered":"\n<p><strong>A prov\u00edncia de Luanda registou, desde Janeiro at\u00e9 \u00e0 presente data, 22 casos de intoxica\u00e7\u00e3o alimentar, dos quais resultaram cinco \u00f3bitos, segundo dados avan\u00e7ados pela chefe de Sec\u00e7\u00e3o de Vigil\u00e2ncia Epidemiol\u00f3gica da prov\u00edncia, Lu\u00edsa Paulo. Em m\u00e9dia, tr\u00eas a quatro pacientes s\u00e3o atendidos na pediatria do Hospital Geral Especializado do Kilamba Kiaxi com intoxica\u00e7\u00e3o alimenta<\/strong>. Ler mais em<strong><em><a href=\"https:\/\/www.opais.ao\/sociedade\/luanda-regista-22-casos-de-intoxicacao-alimentar-e-cinco-obitos-desde-janeiro\/\"> Opa\u00eds<\/a><\/em><\/strong><\/p>\n","protected":false},"excerpt":{"rendered":"<p>A prov\u00edncia de Luanda registou, desde Janeiro at\u00e9 \u00e0 presente data, 22 casos de intoxica\u00e7\u00e3o alimentar, dos quais resultaram cinco \u00f3bitos, segundo dados avan\u00e7ados pela chefe de Sec\u00e7\u00e3o de Vigil\u00e2ncia Epidemiol\u00f3gica da prov\u00edncia, Lu\u00edsa Paulo. Em m\u00e9dia, tr\u00eas a quatro pacientes s\u00e3o atendidos na pediatria do Hospital Geral Especializado do Kilamba Kiaxi com intoxica\u00e7\u00e3o alimenta. [&hellip;]<\/p>\n","protected":false},"author":3,"featured_media":3634,"comment_status":"open","ping_status":"open","sticky":false,"template":"","format":"standard","meta":{"footnotes":""},"categories":[16],"tags":[1484,1483],"class_list":["post-3633","post","type-post","status-publish","format-standard","has-post-thumbnail","hentry","category-actualidade","tag-entoxicacao-alimentar","tag-mandioca"],"blocksy_meta":[],"_links":{"self":[{"href":"https:\/\/www.radiomais.ao\/index.php\/wp-json\/wp\/v2\/posts\/3633","targetHints":{"allow":["GET"]}}],"collection":[{"href":"https:\/\/www.radiomais.ao\/index.php\/wp-json\/wp\/v2\/posts"}],"about":[{"href":"https:\/\/www.radiomais.ao\/index.php\/wp-json\/wp\/v2\/types\/post"}],"author":[{"embeddable":true,"href":"https:\/\/www.radiomais.ao\/index.php\/wp-json\/wp\/v2\/users\/3"}],"replies":[{"embeddable":true,"href":"https:\/\/www.radiomais.ao\/index.php\/wp-json\/wp\/v2\/comments?post=3633"}],"version-history":[{"count":1,"href":"https:\/\/www.radiomais.ao\/index.php\/wp-json\/wp\/v2\/posts\/3633\/revisions"}],"predecessor-version":[{"id":3635,"href":"https:\/\/www.radiomais.ao\/index.php\/wp-json\/wp\/v2\/posts\/3633\/revisions\/3635"}],"wp:featuredmedia":[{"embeddable":true,"href":"https:\/\/www.radiomais.ao\/index.php\/wp-json\/wp\/v2\/media\/3634"}],"wp:attachment":[{"href":"https:\/\/www.radiomais.ao\/index.php\/wp-json\/wp\/v2\/media?parent=3633"}],"wp:term":[{"taxonomy":"category","embeddable":true,"href":"https:\/\/www.radiomais.ao\/index.php\/wp-json\/wp\/v2\/categories?post=3633"},{"taxonomy":"post_tag","embeddable":true,"href":"https:\/\/www.radiomais.ao\/index.php\/wp-json\/wp\/v2\/tags?post=3633"}],"curies":[{"name":"wp","href":"https:\/\/api.w.org\/{rel}","templated":true}]}}