{"id":3636,"date":"2025-12-19T09:41:59","date_gmt":"2025-12-19T08:41:59","guid":{"rendered":"https:\/\/www.radiomais.ao\/?p=3636"},"modified":"2025-12-19T09:41:59","modified_gmt":"2025-12-19T08:41:59","slug":"mais-de-700-empresas-regularizam-os-salarios-dos-trabalhadores-ao-minimo-nacional-durante-a-campanha-salario-justo","status":"publish","type":"post","link":"https:\/\/www.radiomais.ao\/index.php\/2025\/12\/19\/mais-de-700-empresas-regularizam-os-salarios-dos-trabalhadores-ao-minimo-nacional-durante-a-campanha-salario-justo\/","title":{"rendered":"Mais de 700 empresas regularizam os sal\u00e1rios dos trabalhadores ao m\u00ednimo nacional durante a \u201cCampanha Sal\u00e1rio Justo\u201d."},"content":{"rendered":"\n<p><strong>Os dados foram apresentados ontem, em Luanda, pela ministra Teresa Rodrigues Dias, durante o balan\u00e7o da \u201cCampanha Sal\u00e1rio Justo\u201d, que teve a dura\u00e7\u00e3o de um m\u00eas e abrangeu um total de 18.926 trabalhadores, dos quais 13.020 s\u00e3o homens e 5.906 s\u00e3o mulheres<\/strong>. Fonte <strong><em><a href=\"https:\/\/www.opais.ao\/sociedade\/mais-de-700-empresas-regularizam-os-salarios-dos-trabalhadores-ao-minimo-nacional-durante-a-campanha-salario-justo\/\">Opa\u00eds<\/a><\/em><\/strong><\/p>\n","protected":false},"excerpt":{"rendered":"<p>Os dados foram apresentados ontem, em Luanda, pela ministra Teresa Rodrigues Dias, durante o balan\u00e7o da \u201cCampanha Sal\u00e1rio Justo\u201d, que teve a dura\u00e7\u00e3o de um m\u00eas e abrangeu um total de 18.926 trabalhadores, dos quais 13.020 s\u00e3o homens e 5.906 s\u00e3o mulheres. Fonte Opa\u00eds<\/p>\n","protected":false},"author":3,"featured_media":3637,"comment_status":"open","ping_status":"open","sticky":false,"template":"","format":"standard","meta":{"footnotes":""},"categories":[16],"tags":[1486,1485],"class_list":["post-3636","post","type-post","status-publish","format-standard","has-post-thumbnail","hentry","category-actualidade","tag-campanha-salario-justo","tag-regularizacao-dos-salarios"],"blocksy_meta":[],"_links":{"self":[{"href":"https:\/\/www.radiomais.ao\/index.php\/wp-json\/wp\/v2\/posts\/3636","targetHints":{"allow":["GET"]}}],"collection":[{"href":"https:\/\/www.radiomais.ao\/index.php\/wp-json\/wp\/v2\/posts"}],"about":[{"href":"https:\/\/www.radiomais.ao\/index.php\/wp-json\/wp\/v2\/types\/post"}],"author":[{"embeddable":true,"href":"https:\/\/www.radiomais.ao\/index.php\/wp-json\/wp\/v2\/users\/3"}],"replies":[{"embeddable":true,"href":"https:\/\/www.radiomais.ao\/index.php\/wp-json\/wp\/v2\/comments?post=3636"}],"version-history":[{"count":1,"href":"https:\/\/www.radiomais.ao\/index.php\/wp-json\/wp\/v2\/posts\/3636\/revisions"}],"predecessor-version":[{"id":3638,"href":"https:\/\/www.radiomais.ao\/index.php\/wp-json\/wp\/v2\/posts\/3636\/revisions\/3638"}],"wp:featuredmedia":[{"embeddable":true,"href":"https:\/\/www.radiomais.ao\/index.php\/wp-json\/wp\/v2\/media\/3637"}],"wp:attachment":[{"href":"https:\/\/www.radiomais.ao\/index.php\/wp-json\/wp\/v2\/media?parent=3636"}],"wp:term":[{"taxonomy":"category","embeddable":true,"href":"https:\/\/www.radiomais.ao\/index.php\/wp-json\/wp\/v2\/categories?post=3636"},{"taxonomy":"post_tag","embeddable":true,"href":"https:\/\/www.radiomais.ao\/index.php\/wp-json\/wp\/v2\/tags?post=3636"}],"curies":[{"name":"wp","href":"https:\/\/api.w.org\/{rel}","templated":true}]}}