{"id":3639,"date":"2025-12-19T10:05:53","date_gmt":"2025-12-19T09:05:53","guid":{"rendered":"https:\/\/www.radiomais.ao\/?p=3639"},"modified":"2025-12-19T10:06:37","modified_gmt":"2025-12-19T09:06:37","slug":"a-cidade-de-luanda-acolhe-amanha-2a-edicao-da-gala-mascaras-de-ouro-do-teatro","status":"publish","type":"post","link":"https:\/\/www.radiomais.ao\/index.php\/2025\/12\/19\/a-cidade-de-luanda-acolhe-amanha-2a-edicao-da-gala-mascaras-de-ouro-do-teatro\/","title":{"rendered":"Luanda acolhe amanh\u00e3  a 2\u00aa edi\u00e7\u00e3o da Gala M\u00e1scaras de Ouro do Teatro."},"content":{"rendered":"\n<p>O evento organizado pela Associa\u00e7\u00e3o Angolana de Teatro, vai decorrer neste s\u00e1bado \u00e0s 19h30 no Memorial Dr. Ant\u00f3nio Agostinho Neto.<\/p>\n\n\n\n<p>Sim\u00e3o Paulino, Secret\u00e1rio Geral da Associa\u00e7\u00e3o Angolana de Teatro.<\/p>\n\n\n<div \n    class=\"align wp-block-scb-sound-cloud\"    id=\"scbSoundCloud-1\"\n    data-attributes='{&quot;cId&quot;:&quot;0ee54f30-3&quot;,&quot;tracks&quot;:[{&quot;url&quot;:&quot;https:\\\/\\\/soundcloud.com\\\/radio-mais-luanda\\\/luanda-acolhe-2-edicao-da-gala-mascaras-de-ouro-do-teatro?si=a001155f8ba5419a868d5c967a028af1&amp;utm_source=clipboard&amp;utm_medium=text&amp;utm_campaign=social_sharing&quot;,&quot;startTrack&quot;:0}],&quot;alignment&quot;:&quot;center&quot;,&quot;align&quot;:&quot;&quot;,&quot;options&quot;:{&quot;isAutoPlay&quot;:true,&quot;color&quot;:&quot;#f50&quot;,&quot;isBuying&quot;:true,&quot;isSharing&quot;:true,&quot;isDownload&quot;:true,&quot;isArtWork&quot;:true,&quot;isPlayCount&quot;:true,&quot;isUser&quot;:true,&quot;isSingleActive&quot;:true,&quot;isComments&quot;:true,&quot;isVisual&quot;:false,&quot;isTeaser&quot;:false,&quot;isHideRelated&quot;:false},&quot;iframeStyle&quot;:{&quot;width&quot;:&quot;100%&quot;,&quot;height&quot;:&quot;170px&quot;},&quot;frameBorder&quot;:{&quot;color&quot;:&quot;#000&quot;,&quot;style&quot;:&quot;solid&quot;,&quot;width&quot;:&quot;1px&quot;},&quot;frameBRadius&quot;:{&quot;top&quot;:&quot;3px&quot;,&quot;bottom&quot;:&quot;3px&quot;,&quot;left&quot;:&quot;3px&quot;,&quot;right&quot;:&quot;3px&quot;},&quot;frameBoxShadow&quot;:[]}'>\n<\/div>\n\n \n      ","protected":false},"excerpt":{"rendered":"<p>O evento organizado pela Associa\u00e7\u00e3o Angolana de Teatro, vai decorrer neste s\u00e1bado \u00e0s 19h30 no Memorial Dr. Ant\u00f3nio Agostinho Neto. Sim\u00e3o Paulino, Secret\u00e1rio Geral da Associa\u00e7\u00e3o Angolana de Teatro.<\/p>\n","protected":false},"author":3,"featured_media":3640,"comment_status":"open","ping_status":"open","sticky":false,"template":"","format":"standard","meta":{"footnotes":""},"categories":[16],"tags":[1487,87],"class_list":["post-3639","post","type-post","status-publish","format-standard","has-post-thumbnail","hentry","category-actualidade","tag-2o-edicao-da-gala-mascaras-de-ouro-de-teatro","tag-luanda"],"blocksy_meta":[],"_links":{"self":[{"href":"https:\/\/www.radiomais.ao\/index.php\/wp-json\/wp\/v2\/posts\/3639","targetHints":{"allow":["GET"]}}],"collection":[{"href":"https:\/\/www.radiomais.ao\/index.php\/wp-json\/wp\/v2\/posts"}],"about":[{"href":"https:\/\/www.radiomais.ao\/index.php\/wp-json\/wp\/v2\/types\/post"}],"author":[{"embeddable":true,"href":"https:\/\/www.radiomais.ao\/index.php\/wp-json\/wp\/v2\/users\/3"}],"replies":[{"embeddable":true,"href":"https:\/\/www.radiomais.ao\/index.php\/wp-json\/wp\/v2\/comments?post=3639"}],"version-history":[{"count":3,"href":"https:\/\/www.radiomais.ao\/index.php\/wp-json\/wp\/v2\/posts\/3639\/revisions"}],"predecessor-version":[{"id":3643,"href":"https:\/\/www.radiomais.ao\/index.php\/wp-json\/wp\/v2\/posts\/3639\/revisions\/3643"}],"wp:featuredmedia":[{"embeddable":true,"href":"https:\/\/www.radiomais.ao\/index.php\/wp-json\/wp\/v2\/media\/3640"}],"wp:attachment":[{"href":"https:\/\/www.radiomais.ao\/index.php\/wp-json\/wp\/v2\/media?parent=3639"}],"wp:term":[{"taxonomy":"category","embeddable":true,"href":"https:\/\/www.radiomais.ao\/index.php\/wp-json\/wp\/v2\/categories?post=3639"},{"taxonomy":"post_tag","embeddable":true,"href":"https:\/\/www.radiomais.ao\/index.php\/wp-json\/wp\/v2\/tags?post=3639"}],"curies":[{"name":"wp","href":"https:\/\/api.w.org\/{rel}","templated":true}]}}