{"id":3644,"date":"2025-12-19T11:17:57","date_gmt":"2025-12-19T10:17:57","guid":{"rendered":"https:\/\/www.radiomais.ao\/?p=3644"},"modified":"2025-12-19T11:17:57","modified_gmt":"2025-12-19T10:17:57","slug":"policia-sme-e-sic-poderao-realizar-despesas-sem-depender-do-minint","status":"publish","type":"post","link":"https:\/\/www.radiomais.ao\/index.php\/2025\/12\/19\/policia-sme-e-sic-poderao-realizar-despesas-sem-depender-do-minint\/","title":{"rendered":"Pol\u00edcia, SME e SIC poder\u00e3o realizar despesas sem depender do MININT."},"content":{"rendered":"\n<p><strong>O ministro do Interior, Manuel Homem, anunciou, ontem, o in\u00edcio do processo de desconcentra\u00e7\u00e3o or\u00e7amental no pelouro que dirige a partir do Or\u00e7amento Geral do Estado (OGE) de 2026, com maior autonomia financeira para os \u00f3rg\u00e3os e delega\u00e7\u00f5es provinciais do Minist\u00e9rio do Interior (MININT), tendo refor\u00e7ado, simulta- neamente, a exig\u00eancia do rigor, legalidade e presta\u00e7\u00e3o de contas na gest\u00e3o dos recursos p\u00fablicos<\/strong>. Fonte <strong><em><a href=\"https:\/\/www.opais.ao\/politica\/policia-sme-e-sic-poderao-realizar-despesas-sem-depender-do-minint\/\">Opa\u00eds<\/a><\/em><\/strong><\/p>\n","protected":false},"excerpt":{"rendered":"<p>O ministro do Interior, Manuel Homem, anunciou, ontem, o in\u00edcio do processo de desconcentra\u00e7\u00e3o or\u00e7amental no pelouro que dirige a partir do Or\u00e7amento Geral do Estado (OGE) de 2026, com maior autonomia financeira para os \u00f3rg\u00e3os e delega\u00e7\u00f5es provinciais do Minist\u00e9rio do Interior (MININT), tendo refor\u00e7ado, simulta- neamente, a exig\u00eancia do rigor, legalidade e presta\u00e7\u00e3o [&hellip;]<\/p>\n","protected":false},"author":3,"featured_media":3645,"comment_status":"open","ping_status":"open","sticky":false,"template":"","format":"standard","meta":{"footnotes":""},"categories":[16],"tags":[1488,1070,119,780],"class_list":["post-3644","post","type-post","status-publish","format-standard","has-post-thumbnail","hentry","category-actualidade","tag-independentes","tag-pn","tag-sic","tag-sme"],"blocksy_meta":[],"_links":{"self":[{"href":"https:\/\/www.radiomais.ao\/index.php\/wp-json\/wp\/v2\/posts\/3644","targetHints":{"allow":["GET"]}}],"collection":[{"href":"https:\/\/www.radiomais.ao\/index.php\/wp-json\/wp\/v2\/posts"}],"about":[{"href":"https:\/\/www.radiomais.ao\/index.php\/wp-json\/wp\/v2\/types\/post"}],"author":[{"embeddable":true,"href":"https:\/\/www.radiomais.ao\/index.php\/wp-json\/wp\/v2\/users\/3"}],"replies":[{"embeddable":true,"href":"https:\/\/www.radiomais.ao\/index.php\/wp-json\/wp\/v2\/comments?post=3644"}],"version-history":[{"count":1,"href":"https:\/\/www.radiomais.ao\/index.php\/wp-json\/wp\/v2\/posts\/3644\/revisions"}],"predecessor-version":[{"id":3646,"href":"https:\/\/www.radiomais.ao\/index.php\/wp-json\/wp\/v2\/posts\/3644\/revisions\/3646"}],"wp:featuredmedia":[{"embeddable":true,"href":"https:\/\/www.radiomais.ao\/index.php\/wp-json\/wp\/v2\/media\/3645"}],"wp:attachment":[{"href":"https:\/\/www.radiomais.ao\/index.php\/wp-json\/wp\/v2\/media?parent=3644"}],"wp:term":[{"taxonomy":"category","embeddable":true,"href":"https:\/\/www.radiomais.ao\/index.php\/wp-json\/wp\/v2\/categories?post=3644"},{"taxonomy":"post_tag","embeddable":true,"href":"https:\/\/www.radiomais.ao\/index.php\/wp-json\/wp\/v2\/tags?post=3644"}],"curies":[{"name":"wp","href":"https:\/\/api.w.org\/{rel}","templated":true}]}}