{"id":3648,"date":"2025-12-19T11:24:41","date_gmt":"2025-12-19T10:24:41","guid":{"rendered":"https:\/\/www.radiomais.ao\/?p=3648"},"modified":"2025-12-19T11:24:41","modified_gmt":"2025-12-19T10:24:41","slug":"porto-do-lobito-apresenta-fundo-de-pensoes-e-consolida-politica-de-proteccao-social-dos-trabalhadores","status":"publish","type":"post","link":"https:\/\/www.radiomais.ao\/index.php\/2025\/12\/19\/porto-do-lobito-apresenta-fundo-de-pensoes-e-consolida-politica-de-proteccao-social-dos-trabalhadores\/","title":{"rendered":"Porto do Lobito apresenta Fundo de Pens\u00f5es e consolida pol\u00edtica de protec\u00e7\u00e3o social dos trabalhadores."},"content":{"rendered":"\n<p>A Empresa Portu\u00e1ria do Lobito, E.P. (EPL) verificou, nesta quarta-feira, a apresenta\u00e7\u00e3o oficial do Fundo de Pens\u00f5es dos seus trabalhadores.<\/p>\n\n\n\n<p>Segundo o informe, trata-se de uma iniciativa estruturante que reafirma o compromisso da institui\u00e7\u00e3o com a protec\u00e7\u00e3o social, a seguran\u00e7a financeira e a valoriza\u00e7\u00e3o cont\u00ednua do seu capital humano.<\/p>\n\n\n\n<p>O documento detalha tamb\u00e9m, que o acto decorreu no Pavilh\u00e3o da Casa do Pessoal do Porto do Lobito e contou com a presen\u00e7a de membros do Conselho de Administra\u00e7\u00e3o, quadros t\u00e9cnicos e trabalhadores, tendo sido assinalado pela entrega simb\u00f3lica dos primeiros cart\u00f5es do Fundo de Pens\u00f5es, marcando o in\u00edcio da sua implementa\u00e7\u00e3o efectiva. l Ler mais em Opa\u00eds<\/p>\n","protected":false},"excerpt":{"rendered":"<p>A Empresa Portu\u00e1ria do Lobito, E.P. (EPL) verificou, nesta quarta-feira, a apresenta\u00e7\u00e3o oficial do Fundo de Pens\u00f5es dos seus trabalhadores. Segundo o informe, trata-se de uma iniciativa estruturante que reafirma o compromisso da institui\u00e7\u00e3o com a protec\u00e7\u00e3o social, a seguran\u00e7a financeira e a valoriza\u00e7\u00e3o cont\u00ednua do seu capital humano. O documento detalha tamb\u00e9m, que o [&hellip;]<\/p>\n","protected":false},"author":3,"featured_media":3649,"comment_status":"open","ping_status":"open","sticky":false,"template":"","format":"standard","meta":{"footnotes":""},"categories":[16],"tags":[1489,1210],"class_list":["post-3648","post","type-post","status-publish","format-standard","has-post-thumbnail","hentry","category-actualidade","tag-fundo-de-pensoes","tag-porto-do-lobito"],"blocksy_meta":[],"_links":{"self":[{"href":"https:\/\/www.radiomais.ao\/index.php\/wp-json\/wp\/v2\/posts\/3648","targetHints":{"allow":["GET"]}}],"collection":[{"href":"https:\/\/www.radiomais.ao\/index.php\/wp-json\/wp\/v2\/posts"}],"about":[{"href":"https:\/\/www.radiomais.ao\/index.php\/wp-json\/wp\/v2\/types\/post"}],"author":[{"embeddable":true,"href":"https:\/\/www.radiomais.ao\/index.php\/wp-json\/wp\/v2\/users\/3"}],"replies":[{"embeddable":true,"href":"https:\/\/www.radiomais.ao\/index.php\/wp-json\/wp\/v2\/comments?post=3648"}],"version-history":[{"count":1,"href":"https:\/\/www.radiomais.ao\/index.php\/wp-json\/wp\/v2\/posts\/3648\/revisions"}],"predecessor-version":[{"id":3650,"href":"https:\/\/www.radiomais.ao\/index.php\/wp-json\/wp\/v2\/posts\/3648\/revisions\/3650"}],"wp:featuredmedia":[{"embeddable":true,"href":"https:\/\/www.radiomais.ao\/index.php\/wp-json\/wp\/v2\/media\/3649"}],"wp:attachment":[{"href":"https:\/\/www.radiomais.ao\/index.php\/wp-json\/wp\/v2\/media?parent=3648"}],"wp:term":[{"taxonomy":"category","embeddable":true,"href":"https:\/\/www.radiomais.ao\/index.php\/wp-json\/wp\/v2\/categories?post=3648"},{"taxonomy":"post_tag","embeddable":true,"href":"https:\/\/www.radiomais.ao\/index.php\/wp-json\/wp\/v2\/tags?post=3648"}],"curies":[{"name":"wp","href":"https:\/\/api.w.org\/{rel}","templated":true}]}}