{"id":3651,"date":"2025-12-19T11:28:50","date_gmt":"2025-12-19T10:28:50","guid":{"rendered":"https:\/\/www.radiomais.ao\/?p=3651"},"modified":"2025-12-19T11:28:50","modified_gmt":"2025-12-19T10:28:50","slug":"a-ordem-dos-retratos-e-a-desordem-da-memoria-colectiva","status":"publish","type":"post","link":"https:\/\/www.radiomais.ao\/index.php\/2025\/12\/19\/a-ordem-dos-retratos-e-a-desordem-da-memoria-colectiva\/","title":{"rendered":"A ordem dos retratos e a desordem da mem\u00f3ria colectiva."},"content":{"rendered":"\n<p>Uma imagem da exposi\u00e7\u00e3o fotogr\u00e1fica, alegadamente patente na sala do Bureau Pol\u00edtico do MPLA, come\u00e7ou a circular nas redes sociais pouco depois da inaugura\u00e7\u00e3o do imponente edif\u00edcio que acolhe a sede nacional do partido, em Luanda, e quase abafou o interesse sobre qu\u00e3o \u00fateis para o pa\u00eds ser\u00e3o os equipamentos colocados l\u00e1 \u00e0 disposi\u00e7\u00e3o dos seus funcion\u00e1rios. Bastou isso para reacender, nos \u00faltimos dias, um intenso debate pol\u00edtico em quase todos os quadrantes da sociedade angolana. Fonte <strong><em><a href=\"https:\/\/www.opais.ao\/opiniao\/a-ordem-dos-retratos-e-a-desordem-da-memoria-colectiva\/\">Opa\u00eds<\/a><\/em><\/strong><\/p>\n","protected":false},"excerpt":{"rendered":"<p>Uma imagem da exposi\u00e7\u00e3o fotogr\u00e1fica, alegadamente patente na sala do Bureau Pol\u00edtico do MPLA, come\u00e7ou a circular nas redes sociais pouco depois da inaugura\u00e7\u00e3o do imponente edif\u00edcio que acolhe a sede nacional do partido, em Luanda, e quase abafou o interesse sobre qu\u00e3o \u00fateis para o pa\u00eds ser\u00e3o os equipamentos colocados l\u00e1 \u00e0 disposi\u00e7\u00e3o dos [&hellip;]<\/p>\n","protected":false},"author":3,"featured_media":3652,"comment_status":"open","ping_status":"open","sticky":false,"template":"","format":"standard","meta":{"footnotes":""},"categories":[16],"tags":[157,1490],"class_list":["post-3651","post","type-post","status-publish","format-standard","has-post-thumbnail","hentry","category-actualidade","tag-mpla","tag-ordem-dos-retratos"],"blocksy_meta":[],"_links":{"self":[{"href":"https:\/\/www.radiomais.ao\/index.php\/wp-json\/wp\/v2\/posts\/3651","targetHints":{"allow":["GET"]}}],"collection":[{"href":"https:\/\/www.radiomais.ao\/index.php\/wp-json\/wp\/v2\/posts"}],"about":[{"href":"https:\/\/www.radiomais.ao\/index.php\/wp-json\/wp\/v2\/types\/post"}],"author":[{"embeddable":true,"href":"https:\/\/www.radiomais.ao\/index.php\/wp-json\/wp\/v2\/users\/3"}],"replies":[{"embeddable":true,"href":"https:\/\/www.radiomais.ao\/index.php\/wp-json\/wp\/v2\/comments?post=3651"}],"version-history":[{"count":1,"href":"https:\/\/www.radiomais.ao\/index.php\/wp-json\/wp\/v2\/posts\/3651\/revisions"}],"predecessor-version":[{"id":3653,"href":"https:\/\/www.radiomais.ao\/index.php\/wp-json\/wp\/v2\/posts\/3651\/revisions\/3653"}],"wp:featuredmedia":[{"embeddable":true,"href":"https:\/\/www.radiomais.ao\/index.php\/wp-json\/wp\/v2\/media\/3652"}],"wp:attachment":[{"href":"https:\/\/www.radiomais.ao\/index.php\/wp-json\/wp\/v2\/media?parent=3651"}],"wp:term":[{"taxonomy":"category","embeddable":true,"href":"https:\/\/www.radiomais.ao\/index.php\/wp-json\/wp\/v2\/categories?post=3651"},{"taxonomy":"post_tag","embeddable":true,"href":"https:\/\/www.radiomais.ao\/index.php\/wp-json\/wp\/v2\/tags?post=3651"}],"curies":[{"name":"wp","href":"https:\/\/api.w.org\/{rel}","templated":true}]}}