{"id":3654,"date":"2025-12-19T11:32:01","date_gmt":"2025-12-19T10:32:01","guid":{"rendered":"https:\/\/www.radiomais.ao\/?p=3654"},"modified":"2025-12-19T11:32:01","modified_gmt":"2025-12-19T10:32:01","slug":"ministro-rui-falcao-nando-foi-um-patriota-de-mao-cheia","status":"publish","type":"post","link":"https:\/\/www.radiomais.ao\/index.php\/2025\/12\/19\/ministro-rui-falcao-nando-foi-um-patriota-de-mao-cheia\/","title":{"rendered":"Ministro Rui Falc\u00e3o: \u201cNand\u00f3 foi um patriota de m\u00e3o cheia\u201d."},"content":{"rendered":"\n<p>O ministro da Juventude e Desportos, Rui Falc\u00e3o Pinto de Andrade, disse, por via de uma nota de imprensa, que foi com profundo pesar que recebeu a not\u00edcia do falecimento de Fernando da Piedade Dias dos Santos, ocorrido ontem, quinta-feira, em Luanda.<br>\u200e<br>\u200e\u201dPerdemos um camarada de longa data, forjado em muitas batalhas, com quem partilh\u00e1mos conviv\u00eancia, parceria e compromisso com Angola\u201d, l\u00ea-se no documento, tendo acrescentado que Nand\u00f3 foi um homem fora de s\u00e9rie, de educa\u00e7\u00e3o exemplar, trato f\u00e1cil e generosidade rara \u2014 algu\u00e9m que sabia ouvir, partilhar e construir pontes.<br>\u200e<br>\u200e\u201dNand\u00f3 foi um patriota de m\u00e3o cheia, que nunca hesitou perante o sacrif\u00edcio quando a p\u00e1tria chamou. Serviu Angola com abnega\u00e7\u00e3o, sentido de dever e lealdade absoluta, entregando-se de corpo inteiro \u00e0s responsabilidades que lhe foram confiadas\u201d, refere.<\/p>\n","protected":false},"excerpt":{"rendered":"<p>O ministro da Juventude e Desportos, Rui Falc\u00e3o Pinto de Andrade, disse, por via de uma nota de imprensa, que foi com profundo pesar que recebeu a not\u00edcia do falecimento de Fernando da Piedade Dias dos Santos, ocorrido ontem, quinta-feira, em Luanda.\u200e\u200e\u201dPerdemos um camarada de longa data, forjado em muitas batalhas, com quem partilh\u00e1mos conviv\u00eancia, [&hellip;]<\/p>\n","protected":false},"author":3,"featured_media":3655,"comment_status":"open","ping_status":"open","sticky":false,"template":"","format":"standard","meta":{"footnotes":""},"categories":[16],"tags":[147,1492,1491],"class_list":["post-3654","post","type-post","status-publish","format-standard","has-post-thumbnail","hentry","category-actualidade","tag-homenagem","tag-nando","tag-rui-falcao"],"blocksy_meta":[],"_links":{"self":[{"href":"https:\/\/www.radiomais.ao\/index.php\/wp-json\/wp\/v2\/posts\/3654","targetHints":{"allow":["GET"]}}],"collection":[{"href":"https:\/\/www.radiomais.ao\/index.php\/wp-json\/wp\/v2\/posts"}],"about":[{"href":"https:\/\/www.radiomais.ao\/index.php\/wp-json\/wp\/v2\/types\/post"}],"author":[{"embeddable":true,"href":"https:\/\/www.radiomais.ao\/index.php\/wp-json\/wp\/v2\/users\/3"}],"replies":[{"embeddable":true,"href":"https:\/\/www.radiomais.ao\/index.php\/wp-json\/wp\/v2\/comments?post=3654"}],"version-history":[{"count":1,"href":"https:\/\/www.radiomais.ao\/index.php\/wp-json\/wp\/v2\/posts\/3654\/revisions"}],"predecessor-version":[{"id":3656,"href":"https:\/\/www.radiomais.ao\/index.php\/wp-json\/wp\/v2\/posts\/3654\/revisions\/3656"}],"wp:featuredmedia":[{"embeddable":true,"href":"https:\/\/www.radiomais.ao\/index.php\/wp-json\/wp\/v2\/media\/3655"}],"wp:attachment":[{"href":"https:\/\/www.radiomais.ao\/index.php\/wp-json\/wp\/v2\/media?parent=3654"}],"wp:term":[{"taxonomy":"category","embeddable":true,"href":"https:\/\/www.radiomais.ao\/index.php\/wp-json\/wp\/v2\/categories?post=3654"},{"taxonomy":"post_tag","embeddable":true,"href":"https:\/\/www.radiomais.ao\/index.php\/wp-json\/wp\/v2\/tags?post=3654"}],"curies":[{"name":"wp","href":"https:\/\/api.w.org\/{rel}","templated":true}]}}