{"id":3660,"date":"2025-12-19T13:57:11","date_gmt":"2025-12-19T12:57:11","guid":{"rendered":"https:\/\/www.radiomais.ao\/?p=3660"},"modified":"2025-12-19T13:57:11","modified_gmt":"2025-12-19T12:57:11","slug":"mais-de-7-mil-trabalhadores-de-todo-o-pais-tiveram-os-seus-vencimentos-ajustados-durante-a-campanha-salario-justo-2025","status":"publish","type":"post","link":"https:\/\/www.radiomais.ao\/index.php\/2025\/12\/19\/mais-de-7-mil-trabalhadores-de-todo-o-pais-tiveram-os-seus-vencimentos-ajustados-durante-a-campanha-salario-justo-2025\/","title":{"rendered":"Mais de 7 mil trabalhadores de todo o pa\u00eds  tiveram os seus vencimentos ajustados durante a Campanha Sal\u00e1rio Justo 2025."},"content":{"rendered":"\n<p>Durante a apresenta\u00e7\u00e3o dos resultados, a ministra da Administra\u00e7\u00e3o P\u00fablica, Trabalho e Seguran\u00e7a Social, Teresa Dias, destacou o alcance das a\u00e7\u00f5es de fiscaliza\u00e7\u00e3o realizadas nos \u00faltimos meses.<\/p>\n\n\n\n<p>No per\u00edodo da campanha, foram realizadas 772 visitas de inspe\u00e7\u00e3o e 798 a\u00e7\u00f5es de fiscaliza\u00e7\u00e3o nos setores do com\u00e9rcio, da ind\u00fastria transformadora, da educa\u00e7\u00e3o e da presta\u00e7\u00e3o de servi\u00e7os.<\/p>\n\n\n\n<p>O objetivo central foi garantir a aplica\u00e7\u00e3o do sal\u00e1rio m\u00ednimo nacional, assegurando condi\u00e7\u00f5es mais dignas e justas para os trabalhadores e promovendo maior equil\u00edbrio no mercado de trabalho.<\/p>\n\n\n<div \n    class=\"align wp-block-scb-sound-cloud\"    id=\"scbSoundCloud-1\"\n    data-attributes='{&quot;cId&quot;:&quot;8a0f151d-7&quot;,&quot;tracks&quot;:[{&quot;url&quot;:&quot;https:\\\/\\\/soundcloud.com\\\/radio-mais-luanda\\\/campanha-salario-justo-beneficiou-mais-de-7-mil-trabalhadores?si=c3f3a20bc3654b09a63923614659864a&amp;utm_source=clipboard&amp;utm_medium=text&amp;utm_campaign=social_sharing&quot;,&quot;startTrack&quot;:0}],&quot;alignment&quot;:&quot;center&quot;,&quot;align&quot;:&quot;&quot;,&quot;options&quot;:{&quot;isAutoPlay&quot;:true,&quot;color&quot;:&quot;#f50&quot;,&quot;isBuying&quot;:true,&quot;isSharing&quot;:true,&quot;isDownload&quot;:true,&quot;isArtWork&quot;:true,&quot;isPlayCount&quot;:true,&quot;isUser&quot;:true,&quot;isSingleActive&quot;:true,&quot;isComments&quot;:true,&quot;isVisual&quot;:false,&quot;isTeaser&quot;:false,&quot;isHideRelated&quot;:false},&quot;iframeStyle&quot;:{&quot;width&quot;:&quot;100%&quot;,&quot;height&quot;:&quot;170px&quot;},&quot;frameBorder&quot;:{&quot;color&quot;:&quot;#000&quot;,&quot;style&quot;:&quot;solid&quot;,&quot;width&quot;:&quot;1px&quot;},&quot;frameBRadius&quot;:{&quot;top&quot;:&quot;3px&quot;,&quot;bottom&quot;:&quot;3px&quot;,&quot;left&quot;:&quot;3px&quot;,&quot;right&quot;:&quot;3px&quot;},&quot;frameBoxShadow&quot;:[]}'>\n<\/div>\n\n \n      ","protected":false},"excerpt":{"rendered":"<p>Durante a apresenta\u00e7\u00e3o dos resultados, a ministra da Administra\u00e7\u00e3o P\u00fablica, Trabalho e Seguran\u00e7a Social, Teresa Dias, destacou o alcance das a\u00e7\u00f5es de fiscaliza\u00e7\u00e3o realizadas nos \u00faltimos meses. No per\u00edodo da campanha, foram realizadas 772 visitas de inspe\u00e7\u00e3o e 798 a\u00e7\u00f5es de fiscaliza\u00e7\u00e3o nos setores do com\u00e9rcio, da ind\u00fastria transformadora, da educa\u00e7\u00e3o e da presta\u00e7\u00e3o de [&hellip;]<\/p>\n","protected":false},"author":3,"featured_media":3661,"comment_status":"open","ping_status":"open","sticky":false,"template":"","format":"standard","meta":{"footnotes":""},"categories":[16],"tags":[1494,1493,525],"class_list":["post-3660","post","type-post","status-publish","format-standard","has-post-thumbnail","hentry","category-actualidade","tag-7-mil-trabalhadores","tag-reajustados","tag-salarios"],"blocksy_meta":[],"_links":{"self":[{"href":"https:\/\/www.radiomais.ao\/index.php\/wp-json\/wp\/v2\/posts\/3660","targetHints":{"allow":["GET"]}}],"collection":[{"href":"https:\/\/www.radiomais.ao\/index.php\/wp-json\/wp\/v2\/posts"}],"about":[{"href":"https:\/\/www.radiomais.ao\/index.php\/wp-json\/wp\/v2\/types\/post"}],"author":[{"embeddable":true,"href":"https:\/\/www.radiomais.ao\/index.php\/wp-json\/wp\/v2\/users\/3"}],"replies":[{"embeddable":true,"href":"https:\/\/www.radiomais.ao\/index.php\/wp-json\/wp\/v2\/comments?post=3660"}],"version-history":[{"count":1,"href":"https:\/\/www.radiomais.ao\/index.php\/wp-json\/wp\/v2\/posts\/3660\/revisions"}],"predecessor-version":[{"id":3662,"href":"https:\/\/www.radiomais.ao\/index.php\/wp-json\/wp\/v2\/posts\/3660\/revisions\/3662"}],"wp:featuredmedia":[{"embeddable":true,"href":"https:\/\/www.radiomais.ao\/index.php\/wp-json\/wp\/v2\/media\/3661"}],"wp:attachment":[{"href":"https:\/\/www.radiomais.ao\/index.php\/wp-json\/wp\/v2\/media?parent=3660"}],"wp:term":[{"taxonomy":"category","embeddable":true,"href":"https:\/\/www.radiomais.ao\/index.php\/wp-json\/wp\/v2\/categories?post=3660"},{"taxonomy":"post_tag","embeddable":true,"href":"https:\/\/www.radiomais.ao\/index.php\/wp-json\/wp\/v2\/tags?post=3660"}],"curies":[{"name":"wp","href":"https:\/\/api.w.org\/{rel}","templated":true}]}}