{"id":3663,"date":"2025-12-19T14:08:37","date_gmt":"2025-12-19T13:08:37","guid":{"rendered":"https:\/\/www.radiomais.ao\/?p=3663"},"modified":"2025-12-19T14:08:37","modified_gmt":"2025-12-19T13:08:37","slug":"falha-nos-travoes-provoca-morte-a-seis-pessoas-no-bocoio","status":"publish","type":"post","link":"https:\/\/www.radiomais.ao\/index.php\/2025\/12\/19\/falha-nos-travoes-provoca-morte-a-seis-pessoas-no-bocoio\/","title":{"rendered":"Falha nos trav\u00f5es provoca morte a seis pessoas no Bocoio."},"content":{"rendered":"\n<p>Seis pessoas morreram em consequ\u00eancia de um acidente de via\u00e7\u00e3o, ocorrida na estrada nacional 250, no percurso Lobito\/Bocoio, nas proximidades das margens do Cubal. A viatura em que as v\u00edtimas seguiam ter\u00e1 perdido os trav\u00f5es e o condutor perdido o controlo do carro \u2013 confirmaram as autoridades sanit\u00e1rias. Ler mais em <strong><em><a href=\"https:\/\/www.opais.ao\/ultimas_hora\/falha-nos-travoes-provoca-morte-a-seis-pessoas-no-bocoio\/\">Opa\u00eds<\/a><\/em><\/strong><\/p>\n","protected":false},"excerpt":{"rendered":"<p>Seis pessoas morreram em consequ\u00eancia de um acidente de via\u00e7\u00e3o, ocorrida na estrada nacional 250, no percurso Lobito\/Bocoio, nas proximidades das margens do Cubal. A viatura em que as v\u00edtimas seguiam ter\u00e1 perdido os trav\u00f5es e o condutor perdido o controlo do carro \u2013 confirmaram as autoridades sanit\u00e1rias. Ler mais em Opa\u00eds<\/p>\n","protected":false},"author":3,"featured_media":3664,"comment_status":"open","ping_status":"open","sticky":false,"template":"","format":"standard","meta":{"footnotes":""},"categories":[16],"tags":[363,1495],"class_list":["post-3663","post","type-post","status-publish","format-standard","has-post-thumbnail","hentry","category-actualidade","tag-acidente","tag-bocoio"],"blocksy_meta":[],"_links":{"self":[{"href":"https:\/\/www.radiomais.ao\/index.php\/wp-json\/wp\/v2\/posts\/3663","targetHints":{"allow":["GET"]}}],"collection":[{"href":"https:\/\/www.radiomais.ao\/index.php\/wp-json\/wp\/v2\/posts"}],"about":[{"href":"https:\/\/www.radiomais.ao\/index.php\/wp-json\/wp\/v2\/types\/post"}],"author":[{"embeddable":true,"href":"https:\/\/www.radiomais.ao\/index.php\/wp-json\/wp\/v2\/users\/3"}],"replies":[{"embeddable":true,"href":"https:\/\/www.radiomais.ao\/index.php\/wp-json\/wp\/v2\/comments?post=3663"}],"version-history":[{"count":1,"href":"https:\/\/www.radiomais.ao\/index.php\/wp-json\/wp\/v2\/posts\/3663\/revisions"}],"predecessor-version":[{"id":3665,"href":"https:\/\/www.radiomais.ao\/index.php\/wp-json\/wp\/v2\/posts\/3663\/revisions\/3665"}],"wp:featuredmedia":[{"embeddable":true,"href":"https:\/\/www.radiomais.ao\/index.php\/wp-json\/wp\/v2\/media\/3664"}],"wp:attachment":[{"href":"https:\/\/www.radiomais.ao\/index.php\/wp-json\/wp\/v2\/media?parent=3663"}],"wp:term":[{"taxonomy":"category","embeddable":true,"href":"https:\/\/www.radiomais.ao\/index.php\/wp-json\/wp\/v2\/categories?post=3663"},{"taxonomy":"post_tag","embeddable":true,"href":"https:\/\/www.radiomais.ao\/index.php\/wp-json\/wp\/v2\/tags?post=3663"}],"curies":[{"name":"wp","href":"https:\/\/api.w.org\/{rel}","templated":true}]}}