{"id":3666,"date":"2025-12-19T14:13:10","date_gmt":"2025-12-19T13:13:10","guid":{"rendered":"https:\/\/www.radiomais.ao\/?p=3666"},"modified":"2025-12-19T14:13:10","modified_gmt":"2025-12-19T13:13:10","slug":"encontro-nacional-de-comunicadores-junta-amanha-mais-de-20-profissionais-da-classe","status":"publish","type":"post","link":"https:\/\/www.radiomais.ao\/index.php\/2025\/12\/19\/encontro-nacional-de-comunicadores-junta-amanha-mais-de-20-profissionais-da-classe\/","title":{"rendered":"Encontro Nacional de Comunicadores junta amanh\u00e3 mais de 20 profissionais da classe."},"content":{"rendered":"\n<p>O Instituto M\u00e9dio de Economia de Luanda (IMEL) vai ser palco, amanh\u00e3, de um Encontro Nacional de Comunicadores que juntar\u00e1 24 profissionais da classe.<\/p>\n\n\n\n<p>O evento vai reunir profissionais das mais diversas \u00e1reas, incluindo Jornalismo, Marketing e Assessoria, bem como estudantes apaixonados pela ci\u00eancia.<\/p>\n\n\n\n<p>Organizado pelo Projecto Aprender para Ensinar, o certame vai contar com interven\u00e7\u00f5es de profissionais experientes, com longos anos de carreira, bem como de jovens com experi\u00eancia recente no mundo da Comunica\u00e7\u00e3o Social. Estes, ao longo de v\u00e1rios pain\u00e9is, v\u00e3o abordar, entre outras, quest\u00f5es como o futuro da media, a marca pessoal e a \u00e9tica no jornalismo. Ler mais em<strong><em><a href=\"https:\/\/www.opais.ao\/ultimas_hora\/encontro-nacional-de-comunicadores-junta-amanha-mais-de-20-profissionais-da-classe\/\"> Opa\u00eds<\/a><\/em><\/strong><\/p>\n","protected":false},"excerpt":{"rendered":"<p>O Instituto M\u00e9dio de Economia de Luanda (IMEL) vai ser palco, amanh\u00e3, de um Encontro Nacional de Comunicadores que juntar\u00e1 24 profissionais da classe. O evento vai reunir profissionais das mais diversas \u00e1reas, incluindo Jornalismo, Marketing e Assessoria, bem como estudantes apaixonados pela ci\u00eancia. Organizado pelo Projecto Aprender para Ensinar, o certame vai contar com [&hellip;]<\/p>\n","protected":false},"author":3,"featured_media":3667,"comment_status":"open","ping_status":"open","sticky":false,"template":"","format":"standard","meta":{"footnotes":""},"categories":[16],"tags":[1496],"class_list":["post-3666","post","type-post","status-publish","format-standard","has-post-thumbnail","hentry","category-actualidade","tag-encontro-nacional-de-comunicadores-junta-amanha-mais-de-20-profissionais-da-classe"],"blocksy_meta":[],"_links":{"self":[{"href":"https:\/\/www.radiomais.ao\/index.php\/wp-json\/wp\/v2\/posts\/3666","targetHints":{"allow":["GET"]}}],"collection":[{"href":"https:\/\/www.radiomais.ao\/index.php\/wp-json\/wp\/v2\/posts"}],"about":[{"href":"https:\/\/www.radiomais.ao\/index.php\/wp-json\/wp\/v2\/types\/post"}],"author":[{"embeddable":true,"href":"https:\/\/www.radiomais.ao\/index.php\/wp-json\/wp\/v2\/users\/3"}],"replies":[{"embeddable":true,"href":"https:\/\/www.radiomais.ao\/index.php\/wp-json\/wp\/v2\/comments?post=3666"}],"version-history":[{"count":1,"href":"https:\/\/www.radiomais.ao\/index.php\/wp-json\/wp\/v2\/posts\/3666\/revisions"}],"predecessor-version":[{"id":3668,"href":"https:\/\/www.radiomais.ao\/index.php\/wp-json\/wp\/v2\/posts\/3666\/revisions\/3668"}],"wp:featuredmedia":[{"embeddable":true,"href":"https:\/\/www.radiomais.ao\/index.php\/wp-json\/wp\/v2\/media\/3667"}],"wp:attachment":[{"href":"https:\/\/www.radiomais.ao\/index.php\/wp-json\/wp\/v2\/media?parent=3666"}],"wp:term":[{"taxonomy":"category","embeddable":true,"href":"https:\/\/www.radiomais.ao\/index.php\/wp-json\/wp\/v2\/categories?post=3666"},{"taxonomy":"post_tag","embeddable":true,"href":"https:\/\/www.radiomais.ao\/index.php\/wp-json\/wp\/v2\/tags?post=3666"}],"curies":[{"name":"wp","href":"https:\/\/api.w.org\/{rel}","templated":true}]}}