{"id":3672,"date":"2025-12-19T14:44:38","date_gmt":"2025-12-19T13:44:38","guid":{"rendered":"https:\/\/www.radiomais.ao\/?p=3672"},"modified":"2025-12-19T14:44:38","modified_gmt":"2025-12-19T13:44:38","slug":"angola-comeca-caminhada-diante-da-africa-do-sul-na-segunda-feira","status":"publish","type":"post","link":"https:\/\/www.radiomais.ao\/index.php\/2025\/12\/19\/angola-comeca-caminhada-diante-da-africa-do-sul-na-segunda-feira\/","title":{"rendered":"Angola come\u00e7a caminhada diante da \u00c1frica do Sul na Segunda-feira."},"content":{"rendered":"\n<p><strong>A Selec\u00e7\u00e3o Nacional de futebol de honras estreia-se na segunda-feira, 22, diante da \u00c1frica do Sul, no Est\u00e1dio de Marraquexe, a partir das 18:00 (hora de Angola), em jogo do grupo B, no arranque da sua campanha no evento continental<\/strong>.<\/p>\n\n\n\n<p>Angola participa pela d\u00e9cima vez na fase final do Campeonato Africano das Na\u00e7\u00f5es (CAN), consolidando uma presen\u00e7a regular no principal palco do futebol africano nas \u00faltimas d\u00e9cadas. Inserida no grupo B, a selec\u00e7\u00e3o angolana estreia-se diante da \u00c1frica do Sul.<\/p>\n\n\n\n<p>Ap\u00f3s a estreia frente \u00e0 \u00c1frica do Sul, o conjunto angolano volta a entrar em campo na segunda jornada, a 26 do corrente m\u00eas, para defrontar o Zimbabwe, num jogo considerado crucial para as contas do apuramento. A fase de grupos encerra para os Palancas Negras no dia 29 deste m\u00eas, com um duelo de elevado grau de dificuldade diante do Egipto, selec\u00e7\u00e3o mais titulada da hist\u00f3ria da competi\u00e7\u00e3o.<\/p>\n\n\n\n<p>Apesar de nunca ter conquistado o trof\u00e9u africano, os Palancas Negras apresentam-se no Reino de Marrocos motivados por uma campanha de qualifica\u00e7\u00e3o consistente e por uma gera\u00e7\u00e3o de jogadores que alia disciplina t\u00e1ctica e competitividade, com destaque para Milson, Zito Luvumbo, Gelson Dala, David Carmo, Fredy, Mabululu, Gaspar, s\u00f3 para citar estes.<\/p>\n","protected":false},"excerpt":{"rendered":"<p>A Selec\u00e7\u00e3o Nacional de futebol de honras estreia-se na segunda-feira, 22, diante da \u00c1frica do Sul, no Est\u00e1dio de Marraquexe, a partir das 18:00 (hora de Angola), em jogo do grupo B, no arranque da sua campanha no evento continental. Angola participa pela d\u00e9cima vez na fase final do Campeonato Africano das Na\u00e7\u00f5es (CAN), consolidando [&hellip;]<\/p>\n","protected":false},"author":3,"featured_media":3673,"comment_status":"open","ping_status":"open","sticky":false,"template":"","format":"standard","meta":{"footnotes":""},"categories":[16],"tags":[1498,75,1497],"class_list":["post-3672","post","type-post","status-publish","format-standard","has-post-thumbnail","hentry","category-actualidade","tag-africa-do-sul","tag-angola","tag-caminhada"],"blocksy_meta":[],"_links":{"self":[{"href":"https:\/\/www.radiomais.ao\/index.php\/wp-json\/wp\/v2\/posts\/3672","targetHints":{"allow":["GET"]}}],"collection":[{"href":"https:\/\/www.radiomais.ao\/index.php\/wp-json\/wp\/v2\/posts"}],"about":[{"href":"https:\/\/www.radiomais.ao\/index.php\/wp-json\/wp\/v2\/types\/post"}],"author":[{"embeddable":true,"href":"https:\/\/www.radiomais.ao\/index.php\/wp-json\/wp\/v2\/users\/3"}],"replies":[{"embeddable":true,"href":"https:\/\/www.radiomais.ao\/index.php\/wp-json\/wp\/v2\/comments?post=3672"}],"version-history":[{"count":1,"href":"https:\/\/www.radiomais.ao\/index.php\/wp-json\/wp\/v2\/posts\/3672\/revisions"}],"predecessor-version":[{"id":3674,"href":"https:\/\/www.radiomais.ao\/index.php\/wp-json\/wp\/v2\/posts\/3672\/revisions\/3674"}],"wp:featuredmedia":[{"embeddable":true,"href":"https:\/\/www.radiomais.ao\/index.php\/wp-json\/wp\/v2\/media\/3673"}],"wp:attachment":[{"href":"https:\/\/www.radiomais.ao\/index.php\/wp-json\/wp\/v2\/media?parent=3672"}],"wp:term":[{"taxonomy":"category","embeddable":true,"href":"https:\/\/www.radiomais.ao\/index.php\/wp-json\/wp\/v2\/categories?post=3672"},{"taxonomy":"post_tag","embeddable":true,"href":"https:\/\/www.radiomais.ao\/index.php\/wp-json\/wp\/v2\/tags?post=3672"}],"curies":[{"name":"wp","href":"https:\/\/api.w.org\/{rel}","templated":true}]}}