{"id":3679,"date":"2025-12-22T09:57:41","date_gmt":"2025-12-22T08:57:41","guid":{"rendered":"https:\/\/www.radiomais.ao\/?p=3679"},"modified":"2025-12-22T09:57:41","modified_gmt":"2025-12-22T08:57:41","slug":"quadra-festiva-compra-de-bilhetes-para-viajar-para-outra-provincia-so-com-quatro-dias-de-antecedencia","status":"publish","type":"post","link":"https:\/\/www.radiomais.ao\/index.php\/2025\/12\/22\/quadra-festiva-compra-de-bilhetes-para-viajar-para-outra-provincia-so-com-quatro-dias-de-antecedencia\/","title":{"rendered":"Quadra festiva: Compra de bilhetes para viajar para outra prov\u00edncia s\u00f3 com quatro dias de anteced\u00eancia."},"content":{"rendered":"\n<p><strong>A quadra festiva chegou. O momento j\u00e1 \u00e9 de pura agita\u00e7\u00e3o. viajar de autocarro para uma outra localidade do pa\u00eds \u00e9 a op\u00e7\u00e3o de muitos, mas as enchentes pela procura por bilhetes de passagem em diferentes transportadoras interprovinciais s\u00e3o a t\u00f3nica marcante nos \u00faltimos dias<\/strong>. Ler mais em <strong><em><a href=\"https:\/\/www.opais.ao\/economia\/quadra-festiva-compra-de-bilhetes-para-viajar-para-outra-provincia-so-com-quatro-dias-de-antecedencia\/\">Opa\u00eds<\/a><\/em><\/strong><\/p>\n","protected":false},"excerpt":{"rendered":"<p>A quadra festiva chegou. O momento j\u00e1 \u00e9 de pura agita\u00e7\u00e3o. viajar de autocarro para uma outra localidade do pa\u00eds \u00e9 a op\u00e7\u00e3o de muitos, mas as enchentes pela procura por bilhetes de passagem em diferentes transportadoras interprovinciais s\u00e3o a t\u00f3nica marcante nos \u00faltimos dias. Ler mais em Opa\u00eds<\/p>\n","protected":false},"author":3,"featured_media":3680,"comment_status":"open","ping_status":"open","sticky":false,"template":"","format":"standard","meta":{"footnotes":""},"categories":[16],"tags":[1501,1396],"class_list":["post-3679","post","type-post","status-publish","format-standard","has-post-thumbnail","hentry","category-actualidade","tag-bilhestes-comprados-com-antecedencia","tag-quadra-festiva"],"blocksy_meta":[],"_links":{"self":[{"href":"https:\/\/www.radiomais.ao\/index.php\/wp-json\/wp\/v2\/posts\/3679","targetHints":{"allow":["GET"]}}],"collection":[{"href":"https:\/\/www.radiomais.ao\/index.php\/wp-json\/wp\/v2\/posts"}],"about":[{"href":"https:\/\/www.radiomais.ao\/index.php\/wp-json\/wp\/v2\/types\/post"}],"author":[{"embeddable":true,"href":"https:\/\/www.radiomais.ao\/index.php\/wp-json\/wp\/v2\/users\/3"}],"replies":[{"embeddable":true,"href":"https:\/\/www.radiomais.ao\/index.php\/wp-json\/wp\/v2\/comments?post=3679"}],"version-history":[{"count":1,"href":"https:\/\/www.radiomais.ao\/index.php\/wp-json\/wp\/v2\/posts\/3679\/revisions"}],"predecessor-version":[{"id":3681,"href":"https:\/\/www.radiomais.ao\/index.php\/wp-json\/wp\/v2\/posts\/3679\/revisions\/3681"}],"wp:featuredmedia":[{"embeddable":true,"href":"https:\/\/www.radiomais.ao\/index.php\/wp-json\/wp\/v2\/media\/3680"}],"wp:attachment":[{"href":"https:\/\/www.radiomais.ao\/index.php\/wp-json\/wp\/v2\/media?parent=3679"}],"wp:term":[{"taxonomy":"category","embeddable":true,"href":"https:\/\/www.radiomais.ao\/index.php\/wp-json\/wp\/v2\/categories?post=3679"},{"taxonomy":"post_tag","embeddable":true,"href":"https:\/\/www.radiomais.ao\/index.php\/wp-json\/wp\/v2\/tags?post=3679"}],"curies":[{"name":"wp","href":"https:\/\/api.w.org\/{rel}","templated":true}]}}