{"id":3682,"date":"2025-12-22T10:03:24","date_gmt":"2025-12-22T09:03:24","guid":{"rendered":"https:\/\/www.radiomais.ao\/?p=3682"},"modified":"2025-12-22T10:03:24","modified_gmt":"2025-12-22T09:03:24","slug":"produtos-mais-procurados-em-vespera-de-natal-com-precos-altos","status":"publish","type":"post","link":"https:\/\/www.radiomais.ao\/index.php\/2025\/12\/22\/produtos-mais-procurados-em-vespera-de-natal-com-precos-altos\/","title":{"rendered":"Produtos mais procurados em v\u00e9spera de Natal com pre\u00e7os altos."},"content":{"rendered":"\n<p><strong>A escassos dias do Natal, os pre\u00e7os de alguns produtos essenciais para a confec\u00e7\u00e3o de alimentos, durante a quadra festiva, dispararam. A procura pelos principais produtos utilizados pelas fam\u00edlias tende a influenciar a subida dos pre\u00e7os, quer a n\u00edvel do mercado formal, quer no informal. Alimentos, bebidas e at\u00e9 os brindes s\u00e3o os bens que nestes dias registam pre\u00e7os altos<\/strong>. Fonte <strong><em><a href=\"https:\/\/www.opais.ao\/economia\/produtos-mais-procurados-em-vespera-de-natal-com-precos-altos\/\">Opa\u00eds<\/a><\/em><\/strong><\/p>\n","protected":false},"excerpt":{"rendered":"<p>A escassos dias do Natal, os pre\u00e7os de alguns produtos essenciais para a confec\u00e7\u00e3o de alimentos, durante a quadra festiva, dispararam. A procura pelos principais produtos utilizados pelas fam\u00edlias tende a influenciar a subida dos pre\u00e7os, quer a n\u00edvel do mercado formal, quer no informal. Alimentos, bebidas e at\u00e9 os brindes s\u00e3o os bens que [&hellip;]<\/p>\n","protected":false},"author":3,"featured_media":3683,"comment_status":"open","ping_status":"open","sticky":false,"template":"","format":"standard","meta":{"footnotes":""},"categories":[16],"tags":[1503,1502],"class_list":["post-3682","post","type-post","status-publish","format-standard","has-post-thumbnail","hentry","category-actualidade","tag-altos-precos","tag-produtos-mais-procurados"],"blocksy_meta":[],"_links":{"self":[{"href":"https:\/\/www.radiomais.ao\/index.php\/wp-json\/wp\/v2\/posts\/3682","targetHints":{"allow":["GET"]}}],"collection":[{"href":"https:\/\/www.radiomais.ao\/index.php\/wp-json\/wp\/v2\/posts"}],"about":[{"href":"https:\/\/www.radiomais.ao\/index.php\/wp-json\/wp\/v2\/types\/post"}],"author":[{"embeddable":true,"href":"https:\/\/www.radiomais.ao\/index.php\/wp-json\/wp\/v2\/users\/3"}],"replies":[{"embeddable":true,"href":"https:\/\/www.radiomais.ao\/index.php\/wp-json\/wp\/v2\/comments?post=3682"}],"version-history":[{"count":1,"href":"https:\/\/www.radiomais.ao\/index.php\/wp-json\/wp\/v2\/posts\/3682\/revisions"}],"predecessor-version":[{"id":3684,"href":"https:\/\/www.radiomais.ao\/index.php\/wp-json\/wp\/v2\/posts\/3682\/revisions\/3684"}],"wp:featuredmedia":[{"embeddable":true,"href":"https:\/\/www.radiomais.ao\/index.php\/wp-json\/wp\/v2\/media\/3683"}],"wp:attachment":[{"href":"https:\/\/www.radiomais.ao\/index.php\/wp-json\/wp\/v2\/media?parent=3682"}],"wp:term":[{"taxonomy":"category","embeddable":true,"href":"https:\/\/www.radiomais.ao\/index.php\/wp-json\/wp\/v2\/categories?post=3682"},{"taxonomy":"post_tag","embeddable":true,"href":"https:\/\/www.radiomais.ao\/index.php\/wp-json\/wp\/v2\/tags?post=3682"}],"curies":[{"name":"wp","href":"https:\/\/api.w.org\/{rel}","templated":true}]}}