{"id":3685,"date":"2025-12-22T10:13:16","date_gmt":"2025-12-22T09:13:16","guid":{"rendered":"https:\/\/www.radiomais.ao\/?p=3685"},"modified":"2025-12-22T10:13:16","modified_gmt":"2025-12-22T09:13:16","slug":"grupo-media-nova-e-cinfotec-rangel-firmam-parceria-para-reforco-da-formacao-tecnica-e-inovacao-tecnologica","status":"publish","type":"post","link":"https:\/\/www.radiomais.ao\/index.php\/2025\/12\/22\/grupo-media-nova-e-cinfotec-rangel-firmam-parceria-para-reforco-da-formacao-tecnica-e-inovacao-tecnologica\/","title":{"rendered":"Grupo Media nova e CINFOTEC Rangel firmam parceria para refor\u00e7o da forma\u00e7\u00e3o t\u00e9cnica e inova\u00e7\u00e3o tecnol\u00f3gica."},"content":{"rendered":"\n<p><strong>O grupo media nova e o Centro Integrado de Forma\u00e7\u00e3o Tecnol\u00f3gica (CINFOTEC) Rangel assinaram, na \u00faltima sexta-feira, dia 19, um protocolo de parceria estrat\u00e9gica que visa refor\u00e7ar a forma\u00e7\u00e3o t\u00e9cnica, a valoriza\u00e7\u00e3o do capital humano e a aposta na inova\u00e7\u00e3o tecnol\u00f3gica, num contexto marcado pela transforma\u00e7\u00e3o digital e pelos desafios da intelig\u00eancia artificial<\/strong>. Ler mais em <strong><em>O pa\u00eds<\/em><\/strong><\/p>\n\n\n\n<p><\/p>\n","protected":false},"excerpt":{"rendered":"<p>O grupo media nova e o Centro Integrado de Forma\u00e7\u00e3o Tecnol\u00f3gica (CINFOTEC) Rangel assinaram, na \u00faltima sexta-feira, dia 19, um protocolo de parceria estrat\u00e9gica que visa refor\u00e7ar a forma\u00e7\u00e3o t\u00e9cnica, a valoriza\u00e7\u00e3o do capital humano e a aposta na inova\u00e7\u00e3o tecnol\u00f3gica, num contexto marcado pela transforma\u00e7\u00e3o digital e pelos desafios da intelig\u00eancia artificial. Ler mais [&hellip;]<\/p>\n","protected":false},"author":3,"featured_media":3686,"comment_status":"open","ping_status":"open","sticky":false,"template":"","format":"standard","meta":{"footnotes":""},"categories":[16],"tags":[1505,1504,509],"class_list":["post-3685","post","type-post","status-publish","format-standard","has-post-thumbnail","hentry","category-actualidade","tag-cinfotec","tag-media-nova","tag-parceria"],"blocksy_meta":[],"_links":{"self":[{"href":"https:\/\/www.radiomais.ao\/index.php\/wp-json\/wp\/v2\/posts\/3685","targetHints":{"allow":["GET"]}}],"collection":[{"href":"https:\/\/www.radiomais.ao\/index.php\/wp-json\/wp\/v2\/posts"}],"about":[{"href":"https:\/\/www.radiomais.ao\/index.php\/wp-json\/wp\/v2\/types\/post"}],"author":[{"embeddable":true,"href":"https:\/\/www.radiomais.ao\/index.php\/wp-json\/wp\/v2\/users\/3"}],"replies":[{"embeddable":true,"href":"https:\/\/www.radiomais.ao\/index.php\/wp-json\/wp\/v2\/comments?post=3685"}],"version-history":[{"count":1,"href":"https:\/\/www.radiomais.ao\/index.php\/wp-json\/wp\/v2\/posts\/3685\/revisions"}],"predecessor-version":[{"id":3687,"href":"https:\/\/www.radiomais.ao\/index.php\/wp-json\/wp\/v2\/posts\/3685\/revisions\/3687"}],"wp:featuredmedia":[{"embeddable":true,"href":"https:\/\/www.radiomais.ao\/index.php\/wp-json\/wp\/v2\/media\/3686"}],"wp:attachment":[{"href":"https:\/\/www.radiomais.ao\/index.php\/wp-json\/wp\/v2\/media?parent=3685"}],"wp:term":[{"taxonomy":"category","embeddable":true,"href":"https:\/\/www.radiomais.ao\/index.php\/wp-json\/wp\/v2\/categories?post=3685"},{"taxonomy":"post_tag","embeddable":true,"href":"https:\/\/www.radiomais.ao\/index.php\/wp-json\/wp\/v2\/tags?post=3685"}],"curies":[{"name":"wp","href":"https:\/\/api.w.org\/{rel}","templated":true}]}}