{"id":3688,"date":"2025-12-22T10:26:27","date_gmt":"2025-12-22T09:26:27","guid":{"rendered":"https:\/\/www.radiomais.ao\/?p=3688"},"modified":"2025-12-22T10:26:27","modified_gmt":"2025-12-22T09:26:27","slug":"taag-reforca-frota-com-a-chegada-do-boeing-787-dreamliner","status":"publish","type":"post","link":"https:\/\/www.radiomais.ao\/index.php\/2025\/12\/22\/taag-reforca-frota-com-a-chegada-do-boeing-787-dreamliner\/","title":{"rendered":"TAAG refor\u00e7a frota com a chegada do Boeing 787 Dreamliner."},"content":{"rendered":"\n<p>A aeronave de \u00faltima gera\u00e7\u00e3o tem a matr\u00edcula D2-TET e foi batizada com o nome de \u201cDeolinda Rodrigues\u201d, em homenagem \u00e0 hist\u00f3rica hero\u00edna nacional.<\/p>\n\n\n\n<p>A aeronave, incorporada em regime de leasing, combina conforto, tecnologia avan\u00e7ada e elevada efici\u00eancia operacional, dispondo de um total de 367 lugares, distribu\u00eddos por 24 lugares em Classe Executiva e 343 lugares em Classe Econ\u00f3mica. Ler mais em<strong><em><a href=\"https:\/\/www.opais.ao\/ultimas_hora\/taag-reforca-frota-com-a-chegada-do-boeing-787-dreamliner\/\"> Opa\u00eds<\/a><\/em><\/strong><\/p>\n","protected":false},"excerpt":{"rendered":"<p>A aeronave de \u00faltima gera\u00e7\u00e3o tem a matr\u00edcula D2-TET e foi batizada com o nome de \u201cDeolinda Rodrigues\u201d, em homenagem \u00e0 hist\u00f3rica hero\u00edna nacional. A aeronave, incorporada em regime de leasing, combina conforto, tecnologia avan\u00e7ada e elevada efici\u00eancia operacional, dispondo de um total de 367 lugares, distribu\u00eddos por 24 lugares em Classe Executiva e 343 [&hellip;]<\/p>\n","protected":false},"author":3,"featured_media":3689,"comment_status":"open","ping_status":"open","sticky":false,"template":"","format":"standard","meta":{"footnotes":""},"categories":[16],"tags":[1506,511],"class_list":["post-3688","post","type-post","status-publish","format-standard","has-post-thumbnail","hentry","category-actualidade","tag-boing-787","tag-taag"],"blocksy_meta":[],"_links":{"self":[{"href":"https:\/\/www.radiomais.ao\/index.php\/wp-json\/wp\/v2\/posts\/3688","targetHints":{"allow":["GET"]}}],"collection":[{"href":"https:\/\/www.radiomais.ao\/index.php\/wp-json\/wp\/v2\/posts"}],"about":[{"href":"https:\/\/www.radiomais.ao\/index.php\/wp-json\/wp\/v2\/types\/post"}],"author":[{"embeddable":true,"href":"https:\/\/www.radiomais.ao\/index.php\/wp-json\/wp\/v2\/users\/3"}],"replies":[{"embeddable":true,"href":"https:\/\/www.radiomais.ao\/index.php\/wp-json\/wp\/v2\/comments?post=3688"}],"version-history":[{"count":1,"href":"https:\/\/www.radiomais.ao\/index.php\/wp-json\/wp\/v2\/posts\/3688\/revisions"}],"predecessor-version":[{"id":3690,"href":"https:\/\/www.radiomais.ao\/index.php\/wp-json\/wp\/v2\/posts\/3688\/revisions\/3690"}],"wp:featuredmedia":[{"embeddable":true,"href":"https:\/\/www.radiomais.ao\/index.php\/wp-json\/wp\/v2\/media\/3689"}],"wp:attachment":[{"href":"https:\/\/www.radiomais.ao\/index.php\/wp-json\/wp\/v2\/media?parent=3688"}],"wp:term":[{"taxonomy":"category","embeddable":true,"href":"https:\/\/www.radiomais.ao\/index.php\/wp-json\/wp\/v2\/categories?post=3688"},{"taxonomy":"post_tag","embeddable":true,"href":"https:\/\/www.radiomais.ao\/index.php\/wp-json\/wp\/v2\/tags?post=3688"}],"curies":[{"name":"wp","href":"https:\/\/api.w.org\/{rel}","templated":true}]}}