{"id":3694,"date":"2025-12-22T10:47:46","date_gmt":"2025-12-22T09:47:46","guid":{"rendered":"https:\/\/www.radiomais.ao\/?p=3694"},"modified":"2025-12-22T10:47:46","modified_gmt":"2025-12-22T09:47:46","slug":"elefantes-matam-seis-pessoas-nos-ultimos-tres-anos-no-ambito-do-conflito-homem-animal-em-cabinda","status":"publish","type":"post","link":"https:\/\/www.radiomais.ao\/index.php\/2025\/12\/22\/elefantes-matam-seis-pessoas-nos-ultimos-tres-anos-no-ambito-do-conflito-homem-animal-em-cabinda\/","title":{"rendered":"Elefantes matam seis pessoas nos \u00faltimos tr\u00eas anos no \u00e2mbito do conflito homem-animal em Cabinda."},"content":{"rendered":"\n<p><strong>Seis pessoas morreram entre 2022 e 2025 por ataques de elefantes \u00e0s popula\u00e7\u00f5es residentes nas zonas rurais no norte da prov\u00edncia de Cabinda, no quadro do conflito existente entre o homem e a vida selvagem. Os munic\u00edpios mais afectados pela ac\u00e7\u00e3o desses animais s\u00e3o o buco-Zau, Cacongo, belize, Tando-Zinze e Mass\u00e1bi<\/strong><\/p>\n\n\n\n<p>Os dados foram revelados pelo secret\u00e1rio provincial do Ambiente, Gest\u00e3o de Res\u00edduos S\u00f3lidos e Servi\u00e7os Comunit\u00e1rios, Louren\u00e7o Domingos Bilolo, \u00e0 margem da 12.\u00aa sess\u00e3o ordin\u00e1ria do Conselho do Governo Provincial, realizada recentemente no pal\u00e1cio local, que entre outros assuntos, abordou a problem\u00e1tica sobre o conflito homem-animal.<\/p>\n\n\n\n<p>Segundo Louren\u00e7o Bilolo, h\u00e1 evid\u00eancias de que nos \u00faltimos tempos o problema sobre o conflito homem-animal tem vivenciado situa\u00e7\u00f5es que preocupam o governo local. \u201cNeste momento, j\u00e1 come\u00e7amos a fazer um trabalho de sensibiliza\u00e7\u00e3o das popula\u00e7\u00f5es nas \u00e1reas onde esses epis\u00f3dios acontecem\u201d, referiu.<\/p>\n\n\n\n<p>De acordo com Louren\u00e7o Bilolo, o conflito homem\/animal surge quando as pessoas invadem o habitat dos elefantes e, em defesa, \u00e0s vezes, os elefantes s\u00e3o obrigados a reagir e, quando isso acontece, os efeitos podem ser negativos. \u201cO que temos feito \u00e9 sensibilizar a popula\u00e7\u00e3o para que conhe\u00e7a as rotas dos elefantes e evite executar actividades ou lavrar nas zonas que j\u00e1 s\u00e3o do conhecimento de todos que constituem a rota desses animais.\u201d<\/p>\n","protected":false},"excerpt":{"rendered":"<p>Seis pessoas morreram entre 2022 e 2025 por ataques de elefantes \u00e0s popula\u00e7\u00f5es residentes nas zonas rurais no norte da prov\u00edncia de Cabinda, no quadro do conflito existente entre o homem e a vida selvagem. Os munic\u00edpios mais afectados pela ac\u00e7\u00e3o desses animais s\u00e3o o buco-Zau, Cacongo, belize, Tando-Zinze e Mass\u00e1bi Os dados foram revelados [&hellip;]<\/p>\n","protected":false},"author":3,"featured_media":3695,"comment_status":"open","ping_status":"open","sticky":false,"template":"","format":"standard","meta":{"footnotes":""},"categories":[16],"tags":[709,1507],"class_list":["post-3694","post","type-post","status-publish","format-standard","has-post-thumbnail","hentry","category-actualidade","tag-elefantes","tag-matam-pessoas"],"blocksy_meta":[],"_links":{"self":[{"href":"https:\/\/www.radiomais.ao\/index.php\/wp-json\/wp\/v2\/posts\/3694","targetHints":{"allow":["GET"]}}],"collection":[{"href":"https:\/\/www.radiomais.ao\/index.php\/wp-json\/wp\/v2\/posts"}],"about":[{"href":"https:\/\/www.radiomais.ao\/index.php\/wp-json\/wp\/v2\/types\/post"}],"author":[{"embeddable":true,"href":"https:\/\/www.radiomais.ao\/index.php\/wp-json\/wp\/v2\/users\/3"}],"replies":[{"embeddable":true,"href":"https:\/\/www.radiomais.ao\/index.php\/wp-json\/wp\/v2\/comments?post=3694"}],"version-history":[{"count":1,"href":"https:\/\/www.radiomais.ao\/index.php\/wp-json\/wp\/v2\/posts\/3694\/revisions"}],"predecessor-version":[{"id":3696,"href":"https:\/\/www.radiomais.ao\/index.php\/wp-json\/wp\/v2\/posts\/3694\/revisions\/3696"}],"wp:featuredmedia":[{"embeddable":true,"href":"https:\/\/www.radiomais.ao\/index.php\/wp-json\/wp\/v2\/media\/3695"}],"wp:attachment":[{"href":"https:\/\/www.radiomais.ao\/index.php\/wp-json\/wp\/v2\/media?parent=3694"}],"wp:term":[{"taxonomy":"category","embeddable":true,"href":"https:\/\/www.radiomais.ao\/index.php\/wp-json\/wp\/v2\/categories?post=3694"},{"taxonomy":"post_tag","embeddable":true,"href":"https:\/\/www.radiomais.ao\/index.php\/wp-json\/wp\/v2\/tags?post=3694"}],"curies":[{"name":"wp","href":"https:\/\/api.w.org\/{rel}","templated":true}]}}