{"id":3705,"date":"2025-12-22T13:32:23","date_gmt":"2025-12-22T12:32:23","guid":{"rendered":"https:\/\/www.radiomais.ao\/?p=3705"},"modified":"2025-12-22T13:32:23","modified_gmt":"2025-12-22T12:32:23","slug":"angola-presta-homenagem-ao-antigo-presidente-da-assembleia-nacional","status":"publish","type":"post","link":"https:\/\/www.radiomais.ao\/index.php\/2025\/12\/22\/angola-presta-homenagem-ao-antigo-presidente-da-assembleia-nacional\/","title":{"rendered":"Angola presta homenagem ao antigo presidente da Assembleia Nacional."},"content":{"rendered":"\n<p>As cerim\u00f3nias come\u00e7aram com uma missa de corpo presente, realizada numa tenda montada junto ao Sal\u00e3o Protocolar da Presid\u00eancia da Rep\u00fablica.<\/p>\n\n\n\n<p>A celebra\u00e7\u00e3o eucar\u00edstica foi presidida pelo c\u00f3nego Apol\u00f3nio Graciano e reuniu centenas de pessoas que quiseram prestar o seu \u00faltimo tributo ao governante e nacionalista.<\/p>\n\n\n\n<p>Encontram-se presentes membros do Executivo angolano, dirigentes do MPLA, deputados \u00e0 Assembleia Nacional, representantes do Corpo Diplom\u00e1tico e figuras proeminentes da sociedade civil.<\/p>\n","protected":false},"excerpt":{"rendered":"<p>As cerim\u00f3nias come\u00e7aram com uma missa de corpo presente, realizada numa tenda montada junto ao Sal\u00e3o Protocolar da Presid\u00eancia da Rep\u00fablica. A celebra\u00e7\u00e3o eucar\u00edstica foi presidida pelo c\u00f3nego Apol\u00f3nio Graciano e reuniu centenas de pessoas que quiseram prestar o seu \u00faltimo tributo ao governante e nacionalista. Encontram-se presentes membros do Executivo angolano, dirigentes do MPLA, [&hellip;]<\/p>\n","protected":false},"author":3,"featured_media":3706,"comment_status":"open","ping_status":"open","sticky":false,"template":"","format":"standard","meta":{"footnotes":""},"categories":[16],"tags":[1509],"class_list":["post-3705","post","type-post","status-publish","format-standard","has-post-thumbnail","hentry","category-actualidade","tag-ultimo-adeus-a-nando"],"blocksy_meta":[],"_links":{"self":[{"href":"https:\/\/www.radiomais.ao\/index.php\/wp-json\/wp\/v2\/posts\/3705","targetHints":{"allow":["GET"]}}],"collection":[{"href":"https:\/\/www.radiomais.ao\/index.php\/wp-json\/wp\/v2\/posts"}],"about":[{"href":"https:\/\/www.radiomais.ao\/index.php\/wp-json\/wp\/v2\/types\/post"}],"author":[{"embeddable":true,"href":"https:\/\/www.radiomais.ao\/index.php\/wp-json\/wp\/v2\/users\/3"}],"replies":[{"embeddable":true,"href":"https:\/\/www.radiomais.ao\/index.php\/wp-json\/wp\/v2\/comments?post=3705"}],"version-history":[{"count":1,"href":"https:\/\/www.radiomais.ao\/index.php\/wp-json\/wp\/v2\/posts\/3705\/revisions"}],"predecessor-version":[{"id":3707,"href":"https:\/\/www.radiomais.ao\/index.php\/wp-json\/wp\/v2\/posts\/3705\/revisions\/3707"}],"wp:featuredmedia":[{"embeddable":true,"href":"https:\/\/www.radiomais.ao\/index.php\/wp-json\/wp\/v2\/media\/3706"}],"wp:attachment":[{"href":"https:\/\/www.radiomais.ao\/index.php\/wp-json\/wp\/v2\/media?parent=3705"}],"wp:term":[{"taxonomy":"category","embeddable":true,"href":"https:\/\/www.radiomais.ao\/index.php\/wp-json\/wp\/v2\/categories?post=3705"},{"taxonomy":"post_tag","embeddable":true,"href":"https:\/\/www.radiomais.ao\/index.php\/wp-json\/wp\/v2\/tags?post=3705"}],"curies":[{"name":"wp","href":"https:\/\/api.w.org\/{rel}","templated":true}]}}