{"id":3711,"date":"2025-12-22T13:38:46","date_gmt":"2025-12-22T12:38:46","guid":{"rendered":"https:\/\/www.radiomais.ao\/?p=3711"},"modified":"2025-12-22T13:38:46","modified_gmt":"2025-12-22T12:38:46","slug":"mais-de-250-sessoes-de-dialise-sao-realizadas-por-dia-no-hospital-do-prenda","status":"publish","type":"post","link":"https:\/\/www.radiomais.ao\/index.php\/2025\/12\/22\/mais-de-250-sessoes-de-dialise-sao-realizadas-por-dia-no-hospital-do-prenda\/","title":{"rendered":"Mais de 250 sess\u00f5es de di\u00e1lise s\u00e3o realizadas por dia no Hospital do Prenda."},"content":{"rendered":"\n<p>O director-geral do Hospital do Prenda, Tom\u00e1s Cassinda, informou, recentemente, que a unidade realiza, em m\u00e9dia, entre 250 a 255 sess\u00f5es de di\u00e1lise por dia, o que a torna uma das principais unidades de refer\u00eancia no tratamento da insufici\u00eancia renal no pa\u00eds.<\/p>\n\n\n\n<p>Tom\u00e1s Cassinda sublinhou que o diagn\u00f3stico, tratamento e preven\u00e7\u00e3o de doen\u00e7as do sistema urin\u00e1rio, principalmente dos rins, \u00e9 uma das principais estrat\u00e9gias daquela unidade hospitalar, localizada no munic\u00edpio da Maianga.<\/p>\n\n\n\n<p>A di\u00e1lise \u00e9 um tratamento m\u00e9dico que filtra o sangue, removendo res\u00edduos, toxinas, sal e excesso de \u00e1gua quando os rins n\u00e3o funcionam adequadamente, simulando a fun\u00e7\u00e3o renal.<\/p>\n\n\n\n<p><\/p>\n","protected":false},"excerpt":{"rendered":"<p>O director-geral do Hospital do Prenda, Tom\u00e1s Cassinda, informou, recentemente, que a unidade realiza, em m\u00e9dia, entre 250 a 255 sess\u00f5es de di\u00e1lise por dia, o que a torna uma das principais unidades de refer\u00eancia no tratamento da insufici\u00eancia renal no pa\u00eds. Tom\u00e1s Cassinda sublinhou que o diagn\u00f3stico, tratamento e preven\u00e7\u00e3o de doen\u00e7as do sistema [&hellip;]<\/p>\n","protected":false},"author":3,"featured_media":3712,"comment_status":"open","ping_status":"open","sticky":false,"template":"","format":"standard","meta":{"footnotes":""},"categories":[16],"tags":[1512,1513],"class_list":["post-3711","post","type-post","status-publish","format-standard","has-post-thumbnail","hentry","category-actualidade","tag-hemodialise","tag-hospital-do-prenda"],"blocksy_meta":[],"_links":{"self":[{"href":"https:\/\/www.radiomais.ao\/index.php\/wp-json\/wp\/v2\/posts\/3711","targetHints":{"allow":["GET"]}}],"collection":[{"href":"https:\/\/www.radiomais.ao\/index.php\/wp-json\/wp\/v2\/posts"}],"about":[{"href":"https:\/\/www.radiomais.ao\/index.php\/wp-json\/wp\/v2\/types\/post"}],"author":[{"embeddable":true,"href":"https:\/\/www.radiomais.ao\/index.php\/wp-json\/wp\/v2\/users\/3"}],"replies":[{"embeddable":true,"href":"https:\/\/www.radiomais.ao\/index.php\/wp-json\/wp\/v2\/comments?post=3711"}],"version-history":[{"count":1,"href":"https:\/\/www.radiomais.ao\/index.php\/wp-json\/wp\/v2\/posts\/3711\/revisions"}],"predecessor-version":[{"id":3713,"href":"https:\/\/www.radiomais.ao\/index.php\/wp-json\/wp\/v2\/posts\/3711\/revisions\/3713"}],"wp:featuredmedia":[{"embeddable":true,"href":"https:\/\/www.radiomais.ao\/index.php\/wp-json\/wp\/v2\/media\/3712"}],"wp:attachment":[{"href":"https:\/\/www.radiomais.ao\/index.php\/wp-json\/wp\/v2\/media?parent=3711"}],"wp:term":[{"taxonomy":"category","embeddable":true,"href":"https:\/\/www.radiomais.ao\/index.php\/wp-json\/wp\/v2\/categories?post=3711"},{"taxonomy":"post_tag","embeddable":true,"href":"https:\/\/www.radiomais.ao\/index.php\/wp-json\/wp\/v2\/tags?post=3711"}],"curies":[{"name":"wp","href":"https:\/\/api.w.org\/{rel}","templated":true}]}}