{"id":3714,"date":"2025-12-22T13:40:53","date_gmt":"2025-12-22T12:40:53","guid":{"rendered":"https:\/\/www.radiomais.ao\/?p=3714"},"modified":"2025-12-22T13:40:53","modified_gmt":"2025-12-22T12:40:53","slug":"policia-lanca-terminal-para-denuncias-contra-efectivos-infractores","status":"publish","type":"post","link":"https:\/\/www.radiomais.ao\/index.php\/2025\/12\/22\/policia-lanca-terminal-para-denuncias-contra-efectivos-infractores\/","title":{"rendered":"Pol\u00edcia lan\u00e7a terminal para den\u00fancias contra efectivos infractores."},"content":{"rendered":"\n<p>O comandante-geral da Pol\u00edcia Nacional, comiss\u00e1rio-geral, Francisco Monteiro Ribas da Silva, anunciou, no \u00faltimo fim-de-semana, em Luanda, que est\u00e1 dispon\u00edvel um novo canal de den\u00fancia, o \u201c110\u201d, aberto para denunciar efectivos que extrapolem os seus limites no exerc\u00edcio das suas fun\u00e7\u00f5es.<\/p>\n\n\n\n<p>De acordo com o comiss\u00e1rio, que falava no acto de lan\u00e7amento das for\u00e7as para o asseguramento da quadra festiva, que decorreu no Centro de Forma\u00e7\u00e3o e Adestramento da Cavalaria e Cinotecnia, o novo canal \u201c110\u201d visa denunciar actos indecorosos que manchem o bom nome da corpora\u00e7\u00e3o.<\/p>\n\n\n\n<p>O mais alto dirigente da corpora\u00e7\u00e3o policial esclareceu que a medida visa dar maior cumprimento e efic\u00e1cia dos regulamentos que norteiam a corpora\u00e7\u00e3o, assim como auxiliar na disciplina dos efectivos.<\/p>\n","protected":false},"excerpt":{"rendered":"<p>O comandante-geral da Pol\u00edcia Nacional, comiss\u00e1rio-geral, Francisco Monteiro Ribas da Silva, anunciou, no \u00faltimo fim-de-semana, em Luanda, que est\u00e1 dispon\u00edvel um novo canal de den\u00fancia, o \u201c110\u201d, aberto para denunciar efectivos que extrapolem os seus limites no exerc\u00edcio das suas fun\u00e7\u00f5es. De acordo com o comiss\u00e1rio, que falava no acto de lan\u00e7amento das for\u00e7as para [&hellip;]<\/p>\n","protected":false},"author":3,"featured_media":3715,"comment_status":"open","ping_status":"open","sticky":false,"template":"","format":"standard","meta":{"footnotes":""},"categories":[16],"tags":[1514],"class_list":["post-3714","post","type-post","status-publish","format-standard","has-post-thumbnail","hentry","category-actualidade","tag-terminal-para-denuncias-contra-efectivos"],"blocksy_meta":[],"_links":{"self":[{"href":"https:\/\/www.radiomais.ao\/index.php\/wp-json\/wp\/v2\/posts\/3714","targetHints":{"allow":["GET"]}}],"collection":[{"href":"https:\/\/www.radiomais.ao\/index.php\/wp-json\/wp\/v2\/posts"}],"about":[{"href":"https:\/\/www.radiomais.ao\/index.php\/wp-json\/wp\/v2\/types\/post"}],"author":[{"embeddable":true,"href":"https:\/\/www.radiomais.ao\/index.php\/wp-json\/wp\/v2\/users\/3"}],"replies":[{"embeddable":true,"href":"https:\/\/www.radiomais.ao\/index.php\/wp-json\/wp\/v2\/comments?post=3714"}],"version-history":[{"count":1,"href":"https:\/\/www.radiomais.ao\/index.php\/wp-json\/wp\/v2\/posts\/3714\/revisions"}],"predecessor-version":[{"id":3716,"href":"https:\/\/www.radiomais.ao\/index.php\/wp-json\/wp\/v2\/posts\/3714\/revisions\/3716"}],"wp:featuredmedia":[{"embeddable":true,"href":"https:\/\/www.radiomais.ao\/index.php\/wp-json\/wp\/v2\/media\/3715"}],"wp:attachment":[{"href":"https:\/\/www.radiomais.ao\/index.php\/wp-json\/wp\/v2\/media?parent=3714"}],"wp:term":[{"taxonomy":"category","embeddable":true,"href":"https:\/\/www.radiomais.ao\/index.php\/wp-json\/wp\/v2\/categories?post=3714"},{"taxonomy":"post_tag","embeddable":true,"href":"https:\/\/www.radiomais.ao\/index.php\/wp-json\/wp\/v2\/tags?post=3714"}],"curies":[{"name":"wp","href":"https:\/\/api.w.org\/{rel}","templated":true}]}}