{"id":3717,"date":"2025-12-22T13:45:27","date_gmt":"2025-12-22T12:45:27","guid":{"rendered":"https:\/\/www.radiomais.ao\/?p=3717"},"modified":"2025-12-22T13:45:27","modified_gmt":"2025-12-22T12:45:27","slug":"afogamentos-lideram-mortes-registadas-pelos-bombeiros","status":"publish","type":"post","link":"https:\/\/www.radiomais.ao\/index.php\/2025\/12\/22\/afogamentos-lideram-mortes-registadas-pelos-bombeiros\/","title":{"rendered":"Afogamentos lideram mortes registadas pelos Bombeiros."},"content":{"rendered":"\n<p> O porta-voz da corpora\u00e7\u00e3o, subcomiss\u00e1rio Wilson Baptista, disse que, entre as mortes registadas, 11 foram causadas por afogamento, liderando a lista.<\/p>\n\n\n\n<p>De acordo com o respons\u00e1vel, seguem-se dois \u00f3bitos por acidentes de via\u00e7\u00e3o, tr\u00eas por queimaduras, dois por suic\u00eddio, um por ataque de animal, um por abandono de rec\u00e9m-nascido e um por abandono de feto.<\/p>\n\n\n\n<p>Houve ainda o registo de 56 feridos, sendo 37 resultantes de acidentes de via\u00e7\u00e3o, sete por agress\u00f5es f\u00edsicas, cinco por desabamento de resid\u00eancias, tr\u00eas por actividades recreativas, dois por picadas de abelhas, um por queda em altura e um por queda.<\/p>\n","protected":false},"excerpt":{"rendered":"<p>O porta-voz da corpora\u00e7\u00e3o, subcomiss\u00e1rio Wilson Baptista, disse que, entre as mortes registadas, 11 foram causadas por afogamento, liderando a lista. De acordo com o respons\u00e1vel, seguem-se dois \u00f3bitos por acidentes de via\u00e7\u00e3o, tr\u00eas por queimaduras, dois por suic\u00eddio, um por ataque de animal, um por abandono de rec\u00e9m-nascido e um por abandono de feto. [&hellip;]<\/p>\n","protected":false},"author":3,"featured_media":3718,"comment_status":"open","ping_status":"open","sticky":false,"template":"","format":"standard","meta":{"footnotes":""},"categories":[16],"tags":[1515,270,1516],"class_list":["post-3717","post","type-post","status-publish","format-standard","has-post-thumbnail","hentry","category-actualidade","tag-afogamentos","tag-bombeiros","tag-lideranca"],"blocksy_meta":[],"_links":{"self":[{"href":"https:\/\/www.radiomais.ao\/index.php\/wp-json\/wp\/v2\/posts\/3717","targetHints":{"allow":["GET"]}}],"collection":[{"href":"https:\/\/www.radiomais.ao\/index.php\/wp-json\/wp\/v2\/posts"}],"about":[{"href":"https:\/\/www.radiomais.ao\/index.php\/wp-json\/wp\/v2\/types\/post"}],"author":[{"embeddable":true,"href":"https:\/\/www.radiomais.ao\/index.php\/wp-json\/wp\/v2\/users\/3"}],"replies":[{"embeddable":true,"href":"https:\/\/www.radiomais.ao\/index.php\/wp-json\/wp\/v2\/comments?post=3717"}],"version-history":[{"count":1,"href":"https:\/\/www.radiomais.ao\/index.php\/wp-json\/wp\/v2\/posts\/3717\/revisions"}],"predecessor-version":[{"id":3719,"href":"https:\/\/www.radiomais.ao\/index.php\/wp-json\/wp\/v2\/posts\/3717\/revisions\/3719"}],"wp:featuredmedia":[{"embeddable":true,"href":"https:\/\/www.radiomais.ao\/index.php\/wp-json\/wp\/v2\/media\/3718"}],"wp:attachment":[{"href":"https:\/\/www.radiomais.ao\/index.php\/wp-json\/wp\/v2\/media?parent=3717"}],"wp:term":[{"taxonomy":"category","embeddable":true,"href":"https:\/\/www.radiomais.ao\/index.php\/wp-json\/wp\/v2\/categories?post=3717"},{"taxonomy":"post_tag","embeddable":true,"href":"https:\/\/www.radiomais.ao\/index.php\/wp-json\/wp\/v2\/tags?post=3717"}],"curies":[{"name":"wp","href":"https:\/\/api.w.org\/{rel}","templated":true}]}}