{"id":3728,"date":"2025-12-30T09:58:19","date_gmt":"2025-12-30T08:58:19","guid":{"rendered":"https:\/\/www.radiomais.ao\/?p=3728"},"modified":"2025-12-30T10:07:49","modified_gmt":"2025-12-30T09:07:49","slug":"presidente-da-republica-optimista-por-um-2026-melhor-e-apela-ao-engajamento-de-todos-os-angolanos-para-o-desenvolvimento-do-pais","status":"publish","type":"post","link":"https:\/\/www.radiomais.ao\/index.php\/2025\/12\/30\/presidente-da-republica-optimista-por-um-2026-melhor-e-apela-ao-engajamento-de-todos-os-angolanos-para-o-desenvolvimento-do-pais\/","title":{"rendered":"Presidente da Rep\u00fablica optimista por um 2026 melhor e apela ao engajamento de todos os angolanos para o desenvolvimento do pa\u00eds."},"content":{"rendered":"\n<p><strong>No sal\u00e3o Protocolar situado na marginal de Luanda, o casal presidencial recebeu de v\u00e1rias individualidades o tradicional cumprimento de fim-de-ano. Na ocasi\u00e3o, o Presidente da Rep\u00fablica pediu aos participantes que brindassem pela paz, pela reconcilia\u00e7\u00e3o dos angolanos e pelo desenvolvimento do pa\u00eds<\/strong>.<\/p>\n\n\n\n<p>O Presidente da Rep\u00fablica, Jo\u00e3o Louren\u00e7o, disse que conta com o apoio de todos os angolanos, de Cabinda ao Cunene, para trazer o desen- volvimento ao pa\u00eds. Ao dirigir uma mensagem aos participantes na tradicional cerim\u00f3nia de cumprimentos de fim- de-ano, realizada no \u00faltimo fim- de-semana, no Sal\u00e3o Protocolar, o Presidente da Rep\u00fablica referiu que tudo quanto o Executivo fez ao longo do ano que est\u00e1 prestes a terminar foi em prol da felicidade de Angola e dos angolanos.<\/p>\n\n\n\n<p>Jo\u00e3o Louren\u00e7o sublinhou que o Executivo trabalhou no sentido de procurar fazer o melhor poss\u00edvel em todos os dom\u00ednios, da pol\u00edtica, da economia, reconhecendo que nem tudo foi alcan\u00e7ado; por\u00e9m, referiu que, durante o ano de 2025, o pa\u00eds registou muitos acontecimentos destac\u00e1veis que mereceram o reconhecimento, quer interno, quer internacional.<\/p>\n\n\n\n<p>\u201cInfelizmente, n\u00e3o conseguimos terminar o ano com a mesma tend\u00eancia com que iniciamos, porque o pa\u00eds acabou por ser atingido por um tr\u00e1gico acontecimento, o da perda do ex-Vice- Presidente da Rep\u00fablica, Fernando da Piedade Dias dos Santos.<\/p>\n","protected":false},"excerpt":{"rendered":"<p>No sal\u00e3o Protocolar situado na marginal de Luanda, o casal presidencial recebeu de v\u00e1rias individualidades o tradicional cumprimento de fim-de-ano. Na ocasi\u00e3o, o Presidente da Rep\u00fablica pediu aos participantes que brindassem pela paz, pela reconcilia\u00e7\u00e3o dos angolanos e pelo desenvolvimento do pa\u00eds. O Presidente da Rep\u00fablica, Jo\u00e3o Louren\u00e7o, disse que conta com o apoio de [&hellip;]<\/p>\n","protected":false},"author":3,"featured_media":3729,"comment_status":"open","ping_status":"open","sticky":false,"template":"","format":"standard","meta":{"footnotes":""},"categories":[16],"tags":[1523],"class_list":["post-3728","post","type-post","status-publish","format-standard","has-post-thumbnail","hentry","category-actualidade","tag-presidente-da-republica-optimista-por-um-2026"],"blocksy_meta":[],"_links":{"self":[{"href":"https:\/\/www.radiomais.ao\/index.php\/wp-json\/wp\/v2\/posts\/3728","targetHints":{"allow":["GET"]}}],"collection":[{"href":"https:\/\/www.radiomais.ao\/index.php\/wp-json\/wp\/v2\/posts"}],"about":[{"href":"https:\/\/www.radiomais.ao\/index.php\/wp-json\/wp\/v2\/types\/post"}],"author":[{"embeddable":true,"href":"https:\/\/www.radiomais.ao\/index.php\/wp-json\/wp\/v2\/users\/3"}],"replies":[{"embeddable":true,"href":"https:\/\/www.radiomais.ao\/index.php\/wp-json\/wp\/v2\/comments?post=3728"}],"version-history":[{"count":1,"href":"https:\/\/www.radiomais.ao\/index.php\/wp-json\/wp\/v2\/posts\/3728\/revisions"}],"predecessor-version":[{"id":3730,"href":"https:\/\/www.radiomais.ao\/index.php\/wp-json\/wp\/v2\/posts\/3728\/revisions\/3730"}],"wp:featuredmedia":[{"embeddable":true,"href":"https:\/\/www.radiomais.ao\/index.php\/wp-json\/wp\/v2\/media\/3729"}],"wp:attachment":[{"href":"https:\/\/www.radiomais.ao\/index.php\/wp-json\/wp\/v2\/media?parent=3728"}],"wp:term":[{"taxonomy":"category","embeddable":true,"href":"https:\/\/www.radiomais.ao\/index.php\/wp-json\/wp\/v2\/categories?post=3728"},{"taxonomy":"post_tag","embeddable":true,"href":"https:\/\/www.radiomais.ao\/index.php\/wp-json\/wp\/v2\/tags?post=3728"}],"curies":[{"name":"wp","href":"https:\/\/api.w.org\/{rel}","templated":true}]}}