{"id":3731,"date":"2025-12-30T10:06:48","date_gmt":"2025-12-30T09:06:48","guid":{"rendered":"https:\/\/www.radiomais.ao\/?p=3731"},"modified":"2025-12-30T10:06:48","modified_gmt":"2025-12-30T09:06:48","slug":"mensagem-do-presidente-da-republica-entregue-ao-homologo-senegales","status":"publish","type":"post","link":"https:\/\/www.radiomais.ao\/index.php\/2025\/12\/30\/mensagem-do-presidente-da-republica-entregue-ao-homologo-senegales\/","title":{"rendered":"Mensagem do Presidente da Rep\u00fablica entregue ao hom\u00f3logo senegal\u00eas."},"content":{"rendered":"\n<p>O ministro das Rela\u00e7\u00f5es Exteriores, T\u00e9te Ant\u00f3nio, procedeu hoje \u00e0 entrega de uma mensagem do Presidente da Rep\u00fablica, Jo\u00e3o Louren\u00e7o, ao hom\u00f3logo do Senegal, Bassirou Diomaye Diakhar Faye .A mensagem, que foi entregue no quadro do refor\u00e7o das rela\u00e7\u00f5es de amizade e coopera\u00e7\u00e3o existentes entre os dois pa\u00edses n\u00e3o teve o seu teor divulgado, em conson\u00e2ncia com a pr\u00e1tica diplom\u00e1tica entre Estados soberanos.<\/p>\n\n\n\n<p>Angola e o Senegal mant\u00eam uma coopera\u00e7\u00e3o privilegiada, assente em valores comuns, no respeito m\u00fatuo e na converg\u00eancia de posi\u00e7\u00f5es sobre mat\u00e9rias de interesse regional e continental.<\/p>\n\n\n\n<p>Os dois pa\u00edses trabalham de m\u00e3os dadas para a intensifica\u00e7\u00e3o das rela\u00e7\u00f5es bilaterais, com destaque para os dom\u00ednios pol\u00edtico-diplom\u00e1tico, econ\u00f3mico e multilateral.<\/p>\n\n\n\n<p>Ambas as na\u00e7\u00f5es reafirmam, igualmente, o seu compromisso conjunto com a paz, a estabilidade e a pacifica\u00e7\u00e3o do continente africano, contribuindo de forma activa para a promo\u00e7\u00e3o do di\u00e1logo, da seguran\u00e7a e do desenvolvimento sustent\u00e1vel em \u00c1frica.<\/p>\n","protected":false},"excerpt":{"rendered":"<p>O ministro das Rela\u00e7\u00f5es Exteriores, T\u00e9te Ant\u00f3nio, procedeu hoje \u00e0 entrega de uma mensagem do Presidente da Rep\u00fablica, Jo\u00e3o Louren\u00e7o, ao hom\u00f3logo do Senegal, Bassirou Diomaye Diakhar Faye .A mensagem, que foi entregue no quadro do refor\u00e7o das rela\u00e7\u00f5es de amizade e coopera\u00e7\u00e3o existentes entre os dois pa\u00edses n\u00e3o teve o seu teor divulgado, em [&hellip;]<\/p>\n","protected":false},"author":3,"featured_media":3732,"comment_status":"open","ping_status":"open","sticky":false,"template":"","format":"standard","meta":{"footnotes":""},"categories":[16],"tags":[1521,1522,764],"class_list":["post-3731","post","type-post","status-publish","format-standard","has-post-thumbnail","hentry","category-actualidade","tag-mensagem-do-pr","tag-mensagem-entregue","tag-ministro-das-relacoes-exteriores"],"blocksy_meta":[],"_links":{"self":[{"href":"https:\/\/www.radiomais.ao\/index.php\/wp-json\/wp\/v2\/posts\/3731","targetHints":{"allow":["GET"]}}],"collection":[{"href":"https:\/\/www.radiomais.ao\/index.php\/wp-json\/wp\/v2\/posts"}],"about":[{"href":"https:\/\/www.radiomais.ao\/index.php\/wp-json\/wp\/v2\/types\/post"}],"author":[{"embeddable":true,"href":"https:\/\/www.radiomais.ao\/index.php\/wp-json\/wp\/v2\/users\/3"}],"replies":[{"embeddable":true,"href":"https:\/\/www.radiomais.ao\/index.php\/wp-json\/wp\/v2\/comments?post=3731"}],"version-history":[{"count":1,"href":"https:\/\/www.radiomais.ao\/index.php\/wp-json\/wp\/v2\/posts\/3731\/revisions"}],"predecessor-version":[{"id":3733,"href":"https:\/\/www.radiomais.ao\/index.php\/wp-json\/wp\/v2\/posts\/3731\/revisions\/3733"}],"wp:featuredmedia":[{"embeddable":true,"href":"https:\/\/www.radiomais.ao\/index.php\/wp-json\/wp\/v2\/media\/3732"}],"wp:attachment":[{"href":"https:\/\/www.radiomais.ao\/index.php\/wp-json\/wp\/v2\/media?parent=3731"}],"wp:term":[{"taxonomy":"category","embeddable":true,"href":"https:\/\/www.radiomais.ao\/index.php\/wp-json\/wp\/v2\/categories?post=3731"},{"taxonomy":"post_tag","embeddable":true,"href":"https:\/\/www.radiomais.ao\/index.php\/wp-json\/wp\/v2\/tags?post=3731"}],"curies":[{"name":"wp","href":"https:\/\/api.w.org\/{rel}","templated":true}]}}