{"id":3734,"date":"2025-12-30T10:11:40","date_gmt":"2025-12-30T09:11:40","guid":{"rendered":"https:\/\/www.radiomais.ao\/?p=3734"},"modified":"2025-12-30T10:11:40","modified_gmt":"2025-12-30T09:11:40","slug":"retrospectiva-2025-os-factos-e-marcos-historicos-politicamente-registados-em-angola","status":"publish","type":"post","link":"https:\/\/www.radiomais.ao\/index.php\/2025\/12\/30\/retrospectiva-2025-os-factos-e-marcos-historicos-politicamente-registados-em-angola\/","title":{"rendered":"Retrospectiva 2025: Os factos e marcos hist\u00f3ricos politicamente registados em Angola."},"content":{"rendered":"\n<p><strong>O ano de 2025 est\u00e1 prestes a terminar e os 12 meses que decorreram deixaram distintas marcas que ficar\u00e3o timbradas tanto na hist\u00f3ria de Angola como na mem\u00f3ria dos angolanos, bem como de todos aqueles que testemunharam e vivenciaram cada momento. Trazemos, na presente edi\u00e7\u00e3o, a cronologia dos momentos mais altos que, politicamente, marcaram o pa\u00eds<\/strong>. Ler mais em<strong><em><a href=\"https:\/\/www.opais.ao\/politica\/retrospectiva-2025-os-factos-e-marcos-historicos-politicamente-registados-em-angola\/\"> Opa\u00eds.<\/a><\/em><\/strong><\/p>\n","protected":false},"excerpt":{"rendered":"<p>O ano de 2025 est\u00e1 prestes a terminar e os 12 meses que decorreram deixaram distintas marcas que ficar\u00e3o timbradas tanto na hist\u00f3ria de Angola como na mem\u00f3ria dos angolanos, bem como de todos aqueles que testemunharam e vivenciaram cada momento. Trazemos, na presente edi\u00e7\u00e3o, a cronologia dos momentos mais altos que, politicamente, marcaram o [&hellip;]<\/p>\n","protected":false},"author":3,"featured_media":3735,"comment_status":"open","ping_status":"open","sticky":false,"template":"","format":"standard","meta":{"footnotes":""},"categories":[16],"tags":[1525,1524],"class_list":["post-3734","post","type-post","status-publish","format-standard","has-post-thumbnail","hentry","category-actualidade","tag-marcos-historicos","tag-retrospectiva-2025"],"blocksy_meta":[],"_links":{"self":[{"href":"https:\/\/www.radiomais.ao\/index.php\/wp-json\/wp\/v2\/posts\/3734","targetHints":{"allow":["GET"]}}],"collection":[{"href":"https:\/\/www.radiomais.ao\/index.php\/wp-json\/wp\/v2\/posts"}],"about":[{"href":"https:\/\/www.radiomais.ao\/index.php\/wp-json\/wp\/v2\/types\/post"}],"author":[{"embeddable":true,"href":"https:\/\/www.radiomais.ao\/index.php\/wp-json\/wp\/v2\/users\/3"}],"replies":[{"embeddable":true,"href":"https:\/\/www.radiomais.ao\/index.php\/wp-json\/wp\/v2\/comments?post=3734"}],"version-history":[{"count":1,"href":"https:\/\/www.radiomais.ao\/index.php\/wp-json\/wp\/v2\/posts\/3734\/revisions"}],"predecessor-version":[{"id":3736,"href":"https:\/\/www.radiomais.ao\/index.php\/wp-json\/wp\/v2\/posts\/3734\/revisions\/3736"}],"wp:featuredmedia":[{"embeddable":true,"href":"https:\/\/www.radiomais.ao\/index.php\/wp-json\/wp\/v2\/media\/3735"}],"wp:attachment":[{"href":"https:\/\/www.radiomais.ao\/index.php\/wp-json\/wp\/v2\/media?parent=3734"}],"wp:term":[{"taxonomy":"category","embeddable":true,"href":"https:\/\/www.radiomais.ao\/index.php\/wp-json\/wp\/v2\/categories?post=3734"},{"taxonomy":"post_tag","embeddable":true,"href":"https:\/\/www.radiomais.ao\/index.php\/wp-json\/wp\/v2\/tags?post=3734"}],"curies":[{"name":"wp","href":"https:\/\/api.w.org\/{rel}","templated":true}]}}