{"id":3737,"date":"2025-12-30T10:16:46","date_gmt":"2025-12-30T09:16:46","guid":{"rendered":"https:\/\/www.radiomais.ao\/?p=3737"},"modified":"2025-12-30T10:16:46","modified_gmt":"2025-12-30T09:16:46","slug":"porto-do-lobito-testa-capacidade-de-resposta-em-simulacro-de-tentativa-de-sequestro-de-navio","status":"publish","type":"post","link":"https:\/\/www.radiomais.ao\/index.php\/2025\/12\/30\/porto-do-lobito-testa-capacidade-de-resposta-em-simulacro-de-tentativa-de-sequestro-de-navio\/","title":{"rendered":"Porto do Lobito testa capacidade de resposta em simulacro de tentativa de sequestro de navio."},"content":{"rendered":"\n<p><strong>O Porto do Lobito realizou, nesta segunda-feira, 29, um simulacro de tentativa de sequestro de navio, exerc\u00edcio que colocou \u00e0 prova os sistemas de vigil\u00e2ncia, os protocolos de emerg\u00eancia e a articula\u00e7\u00e3o entre as for\u00e7as nacionais de defesa e seguran\u00e7a.<\/strong> Fonte <strong><em><a href=\"https:\/\/www.opais.ao\/economia\/porto-do-lobito-testa-capacidade-de-resposta-em-simulacro-de-tentativa-de-sequestro-de-navio\/\">Opa\u00eds<\/a><\/em><\/strong><\/p>\n","protected":false},"excerpt":{"rendered":"<p>O Porto do Lobito realizou, nesta segunda-feira, 29, um simulacro de tentativa de sequestro de navio, exerc\u00edcio que colocou \u00e0 prova os sistemas de vigil\u00e2ncia, os protocolos de emerg\u00eancia e a articula\u00e7\u00e3o entre as for\u00e7as nacionais de defesa e seguran\u00e7a. Fonte Opa\u00eds<\/p>\n","protected":false},"author":3,"featured_media":3738,"comment_status":"open","ping_status":"open","sticky":false,"template":"","format":"standard","meta":{"footnotes":""},"categories":[16],"tags":[1210,1526],"class_list":["post-3737","post","type-post","status-publish","format-standard","has-post-thumbnail","hentry","category-actualidade","tag-porto-do-lobito","tag-resposta-ao-simulcro"],"blocksy_meta":[],"_links":{"self":[{"href":"https:\/\/www.radiomais.ao\/index.php\/wp-json\/wp\/v2\/posts\/3737","targetHints":{"allow":["GET"]}}],"collection":[{"href":"https:\/\/www.radiomais.ao\/index.php\/wp-json\/wp\/v2\/posts"}],"about":[{"href":"https:\/\/www.radiomais.ao\/index.php\/wp-json\/wp\/v2\/types\/post"}],"author":[{"embeddable":true,"href":"https:\/\/www.radiomais.ao\/index.php\/wp-json\/wp\/v2\/users\/3"}],"replies":[{"embeddable":true,"href":"https:\/\/www.radiomais.ao\/index.php\/wp-json\/wp\/v2\/comments?post=3737"}],"version-history":[{"count":1,"href":"https:\/\/www.radiomais.ao\/index.php\/wp-json\/wp\/v2\/posts\/3737\/revisions"}],"predecessor-version":[{"id":3739,"href":"https:\/\/www.radiomais.ao\/index.php\/wp-json\/wp\/v2\/posts\/3737\/revisions\/3739"}],"wp:featuredmedia":[{"embeddable":true,"href":"https:\/\/www.radiomais.ao\/index.php\/wp-json\/wp\/v2\/media\/3738"}],"wp:attachment":[{"href":"https:\/\/www.radiomais.ao\/index.php\/wp-json\/wp\/v2\/media?parent=3737"}],"wp:term":[{"taxonomy":"category","embeddable":true,"href":"https:\/\/www.radiomais.ao\/index.php\/wp-json\/wp\/v2\/categories?post=3737"},{"taxonomy":"post_tag","embeddable":true,"href":"https:\/\/www.radiomais.ao\/index.php\/wp-json\/wp\/v2\/tags?post=3737"}],"curies":[{"name":"wp","href":"https:\/\/api.w.org\/{rel}","templated":true}]}}