{"id":3740,"date":"2025-12-30T10:27:36","date_gmt":"2025-12-30T09:27:36","guid":{"rendered":"https:\/\/www.radiomais.ao\/?p=3740"},"modified":"2025-12-30T10:27:36","modified_gmt":"2025-12-30T09:27:36","slug":"europa-vai-mobilizar-155-mil-milhoes-de-euros-para-acelerar-a-producao-de-energia-renovavel-em-africa","status":"publish","type":"post","link":"https:\/\/www.radiomais.ao\/index.php\/2025\/12\/30\/europa-vai-mobilizar-155-mil-milhoes-de-euros-para-acelerar-a-producao-de-energia-renovavel-em-africa\/","title":{"rendered":"Europa vai mobilizar 15,5 mil milh\u00f5es de euros para acelerar a produ\u00e7\u00e3o de energia renov\u00e1vel em \u00c1frica."},"content":{"rendered":"\n<p><strong>A presidente da Comiss\u00e3o Europeia, Ursula von der Leyen, anunciou, em Luanda, durante a Cimeira Uni\u00e3o Africana\u2013Uni\u00e3o Europeia, a mobiliza\u00e7\u00e3o de 15,5 mil milh\u00f5es de euros para acelerar a produ\u00e7\u00e3o de energia renov\u00e1vel em \u00c1frica, numa iniciativa conjunta com o Presidente da \u00c1frica do Sul, Cyril Ramaphosa<\/strong>.<\/p>\n\n\n\n<p>A l\u00edder europeia chamou aten\u00e7\u00e3o para o desequil\u00edbrio na distribui\u00e7\u00e3o dos investimentos mundiais em energia limpa, afirmando que dos dois trili\u00f5es de d\u00f3lares investidos em energia limpa em 2024 apenas dois por cento veio para o continente africano. \u201cIsto n\u00e3o est\u00e1 certo (\u2026) todos deviam ter acesso \u00e0 energia limpa e direito \u00e0 energia barata\u201d, lamentou. O objectivo \u00e9 que a electricidade limpa chegue para 100 milh\u00f5es de africanos at\u00e9 2030.<\/p>\n\n\n\n<p>A Uni\u00e3o Europeia comprometeu-se ainda em disponibilizar 400 milh\u00f5es de euros adicionais para apoiar solu\u00e7\u00f5es de cozinha limpa, defendendo que a transi\u00e7\u00e3o energ\u00e9tica \u201ctem de ser para todos\u201d. \u201cEsta \u00e9 uma novidade com a qual, eu queria agradecer aos l\u00edderes que contribu\u00edram, governos e o sector privado. Vamos trazer electricidade para milh\u00f5es no continente africano\u201d, anunciou.<\/p>\n\n\n\n<p>A l\u00edder da Comiss\u00e3o Europeia esclareceu que apesar das d\u00e9cadas de acordos preferenciais, ainda se pode expandir as rela\u00e7\u00f5es comerciais com a cria\u00e7\u00e3o de novas infra-estruturas para conectar a \u00c1frica \u00e0 Europa, com realce para o Corredor do Lobito.<\/p>\n","protected":false},"excerpt":{"rendered":"<p>A presidente da Comiss\u00e3o Europeia, Ursula von der Leyen, anunciou, em Luanda, durante a Cimeira Uni\u00e3o Africana\u2013Uni\u00e3o Europeia, a mobiliza\u00e7\u00e3o de 15,5 mil milh\u00f5es de euros para acelerar a produ\u00e7\u00e3o de energia renov\u00e1vel em \u00c1frica, numa iniciativa conjunta com o Presidente da \u00c1frica do Sul, Cyril Ramaphosa. A l\u00edder europeia chamou aten\u00e7\u00e3o para o desequil\u00edbrio [&hellip;]<\/p>\n","protected":false},"author":3,"featured_media":3741,"comment_status":"open","ping_status":"open","sticky":false,"template":"","format":"standard","meta":{"footnotes":""},"categories":[16],"tags":[1527],"class_list":["post-3740","post","type-post","status-publish","format-standard","has-post-thumbnail","hentry","category-actualidade","tag-europa-vai-mobilizar-15"],"blocksy_meta":[],"_links":{"self":[{"href":"https:\/\/www.radiomais.ao\/index.php\/wp-json\/wp\/v2\/posts\/3740","targetHints":{"allow":["GET"]}}],"collection":[{"href":"https:\/\/www.radiomais.ao\/index.php\/wp-json\/wp\/v2\/posts"}],"about":[{"href":"https:\/\/www.radiomais.ao\/index.php\/wp-json\/wp\/v2\/types\/post"}],"author":[{"embeddable":true,"href":"https:\/\/www.radiomais.ao\/index.php\/wp-json\/wp\/v2\/users\/3"}],"replies":[{"embeddable":true,"href":"https:\/\/www.radiomais.ao\/index.php\/wp-json\/wp\/v2\/comments?post=3740"}],"version-history":[{"count":1,"href":"https:\/\/www.radiomais.ao\/index.php\/wp-json\/wp\/v2\/posts\/3740\/revisions"}],"predecessor-version":[{"id":3742,"href":"https:\/\/www.radiomais.ao\/index.php\/wp-json\/wp\/v2\/posts\/3740\/revisions\/3742"}],"wp:featuredmedia":[{"embeddable":true,"href":"https:\/\/www.radiomais.ao\/index.php\/wp-json\/wp\/v2\/media\/3741"}],"wp:attachment":[{"href":"https:\/\/www.radiomais.ao\/index.php\/wp-json\/wp\/v2\/media?parent=3740"}],"wp:term":[{"taxonomy":"category","embeddable":true,"href":"https:\/\/www.radiomais.ao\/index.php\/wp-json\/wp\/v2\/categories?post=3740"},{"taxonomy":"post_tag","embeddable":true,"href":"https:\/\/www.radiomais.ao\/index.php\/wp-json\/wp\/v2\/tags?post=3740"}],"curies":[{"name":"wp","href":"https:\/\/api.w.org\/{rel}","templated":true}]}}