{"id":3743,"date":"2025-12-30T10:49:33","date_gmt":"2025-12-30T09:49:33","guid":{"rendered":"https:\/\/www.radiomais.ao\/?p=3743"},"modified":"2025-12-30T10:49:33","modified_gmt":"2025-12-30T09:49:33","slug":"adra-apoia-mais-de-5-mil-produtores-nas-provincias-da-huila-e-namibe-em-2025","status":"publish","type":"post","link":"https:\/\/www.radiomais.ao\/index.php\/2025\/12\/30\/adra-apoia-mais-de-5-mil-produtores-nas-provincias-da-huila-e-namibe-em-2025\/","title":{"rendered":"ADRA apoia mais de 5 mil produtores nas prov\u00edncias da Hu\u00edla e Namibe em 2025."},"content":{"rendered":"\n<p><strong>Um total de 5 mil 556 produtores, dos quais 3 mil 79 s\u00e3o mulheres, foram apoiados pela Organiza\u00e7\u00e3o N\u00e3o Governamental, Ac\u00e7\u00e3o para o Desenvolvimento Rula e Ambiente (ADRA), nas prov\u00edncias do Namibe e da Hu\u00edla, com a distribui\u00e7\u00e3o de diversas sementes, com destaque para cereais, hort\u00edcolas e tub\u00e9rculos, com vista a aumentar a produ\u00e7\u00e3o e melhorar a dieta das fam\u00edlias<\/strong>. Ler mais em <strong><em><a href=\"https:\/\/www.opais.ao\/sociedade\/adra-apoia-mais-de-5-mil-produtores-nas-provincias-da-huila-e-namibe-em-2025-2\/\">Opa\u00eds<\/a><\/em><\/strong><\/p>\n","protected":false},"excerpt":{"rendered":"<p>Um total de 5 mil 556 produtores, dos quais 3 mil 79 s\u00e3o mulheres, foram apoiados pela Organiza\u00e7\u00e3o N\u00e3o Governamental, Ac\u00e7\u00e3o para o Desenvolvimento Rula e Ambiente (ADRA), nas prov\u00edncias do Namibe e da Hu\u00edla, com a distribui\u00e7\u00e3o de diversas sementes, com destaque para cereais, hort\u00edcolas e tub\u00e9rculos, com vista a aumentar a produ\u00e7\u00e3o e [&hellip;]<\/p>\n","protected":false},"author":3,"featured_media":3744,"comment_status":"open","ping_status":"open","sticky":false,"template":"","format":"standard","meta":{"footnotes":""},"categories":[16],"tags":[1528,291],"class_list":["post-3743","post","type-post","status-publish","format-standard","has-post-thumbnail","hentry","category-actualidade","tag-adra","tag-apoio"],"blocksy_meta":[],"_links":{"self":[{"href":"https:\/\/www.radiomais.ao\/index.php\/wp-json\/wp\/v2\/posts\/3743","targetHints":{"allow":["GET"]}}],"collection":[{"href":"https:\/\/www.radiomais.ao\/index.php\/wp-json\/wp\/v2\/posts"}],"about":[{"href":"https:\/\/www.radiomais.ao\/index.php\/wp-json\/wp\/v2\/types\/post"}],"author":[{"embeddable":true,"href":"https:\/\/www.radiomais.ao\/index.php\/wp-json\/wp\/v2\/users\/3"}],"replies":[{"embeddable":true,"href":"https:\/\/www.radiomais.ao\/index.php\/wp-json\/wp\/v2\/comments?post=3743"}],"version-history":[{"count":1,"href":"https:\/\/www.radiomais.ao\/index.php\/wp-json\/wp\/v2\/posts\/3743\/revisions"}],"predecessor-version":[{"id":3745,"href":"https:\/\/www.radiomais.ao\/index.php\/wp-json\/wp\/v2\/posts\/3743\/revisions\/3745"}],"wp:featuredmedia":[{"embeddable":true,"href":"https:\/\/www.radiomais.ao\/index.php\/wp-json\/wp\/v2\/media\/3744"}],"wp:attachment":[{"href":"https:\/\/www.radiomais.ao\/index.php\/wp-json\/wp\/v2\/media?parent=3743"}],"wp:term":[{"taxonomy":"category","embeddable":true,"href":"https:\/\/www.radiomais.ao\/index.php\/wp-json\/wp\/v2\/categories?post=3743"},{"taxonomy":"post_tag","embeddable":true,"href":"https:\/\/www.radiomais.ao\/index.php\/wp-json\/wp\/v2\/tags?post=3743"}],"curies":[{"name":"wp","href":"https:\/\/api.w.org\/{rel}","templated":true}]}}