{"id":3746,"date":"2025-12-30T10:57:39","date_gmt":"2025-12-30T09:57:39","guid":{"rendered":"https:\/\/www.radiomais.ao\/?p=3746"},"modified":"2025-12-30T10:57:39","modified_gmt":"2025-12-30T09:57:39","slug":"detidos-jovem-suspeito-da-morte-da-namorada-e-outro-por-violacao-com-divulgacao-de-video-intimo","status":"publish","type":"post","link":"https:\/\/www.radiomais.ao\/index.php\/2025\/12\/30\/detidos-jovem-suspeito-da-morte-da-namorada-e-outro-por-violacao-com-divulgacao-de-video-intimo\/","title":{"rendered":"Detidos jovem suspeito da morte da namorada e outro por viola\u00e7\u00e3o com divulga\u00e7\u00e3o de v\u00eddeo \u00edntimo."},"content":{"rendered":"\n<p><strong>O Servi\u00e7o de Investiga\u00e7\u00e3o Criminal (SIC) deteve, nos \u00faltimos dias, dois cidad\u00e3os nacionais com idades compreendidas entre os 23 e os 26 anos, implicados em crimes graves que incluem homic\u00eddio qualificado, agress\u00e3o sexual com penetra\u00e7\u00e3o, amea\u00e7a, devassa da vida privada e poss\u00edvel transmiss\u00e3o de doen\u00e7a sexualmente transmiss\u00edvel, em processos distintos ocorridos nas prov\u00edncias de Luanda e de Icolo e Bengo<\/strong>. Ler mais em <strong><em><a href=\"https:\/\/www.opais.ao\/sociedade\/detidos-jovem-suspeito-da-morte-da-namorada-e-outro-por-violacao-com-divulgacao-de-video-intimo\/\">Opa\u00eds<\/a><\/em><\/strong><\/p>\n","protected":false},"excerpt":{"rendered":"<p>O Servi\u00e7o de Investiga\u00e7\u00e3o Criminal (SIC) deteve, nos \u00faltimos dias, dois cidad\u00e3os nacionais com idades compreendidas entre os 23 e os 26 anos, implicados em crimes graves que incluem homic\u00eddio qualificado, agress\u00e3o sexual com penetra\u00e7\u00e3o, amea\u00e7a, devassa da vida privada e poss\u00edvel transmiss\u00e3o de doen\u00e7a sexualmente transmiss\u00edvel, em processos distintos ocorridos nas prov\u00edncias de Luanda [&hellip;]<\/p>\n","protected":false},"author":3,"featured_media":3747,"comment_status":"open","ping_status":"open","sticky":false,"template":"","format":"standard","meta":{"footnotes":""},"categories":[16],"tags":[1529,546,1530],"class_list":["post-3746","post","type-post","status-publish","format-standard","has-post-thumbnail","hentry","category-actualidade","tag-axusado-de-assassinato","tag-detido","tag-e-divulgacao-de-video-intimo"],"blocksy_meta":[],"_links":{"self":[{"href":"https:\/\/www.radiomais.ao\/index.php\/wp-json\/wp\/v2\/posts\/3746","targetHints":{"allow":["GET"]}}],"collection":[{"href":"https:\/\/www.radiomais.ao\/index.php\/wp-json\/wp\/v2\/posts"}],"about":[{"href":"https:\/\/www.radiomais.ao\/index.php\/wp-json\/wp\/v2\/types\/post"}],"author":[{"embeddable":true,"href":"https:\/\/www.radiomais.ao\/index.php\/wp-json\/wp\/v2\/users\/3"}],"replies":[{"embeddable":true,"href":"https:\/\/www.radiomais.ao\/index.php\/wp-json\/wp\/v2\/comments?post=3746"}],"version-history":[{"count":1,"href":"https:\/\/www.radiomais.ao\/index.php\/wp-json\/wp\/v2\/posts\/3746\/revisions"}],"predecessor-version":[{"id":3748,"href":"https:\/\/www.radiomais.ao\/index.php\/wp-json\/wp\/v2\/posts\/3746\/revisions\/3748"}],"wp:featuredmedia":[{"embeddable":true,"href":"https:\/\/www.radiomais.ao\/index.php\/wp-json\/wp\/v2\/media\/3747"}],"wp:attachment":[{"href":"https:\/\/www.radiomais.ao\/index.php\/wp-json\/wp\/v2\/media?parent=3746"}],"wp:term":[{"taxonomy":"category","embeddable":true,"href":"https:\/\/www.radiomais.ao\/index.php\/wp-json\/wp\/v2\/categories?post=3746"},{"taxonomy":"post_tag","embeddable":true,"href":"https:\/\/www.radiomais.ao\/index.php\/wp-json\/wp\/v2\/tags?post=3746"}],"curies":[{"name":"wp","href":"https:\/\/api.w.org\/{rel}","templated":true}]}}