{"id":3752,"date":"2025-12-30T11:41:04","date_gmt":"2025-12-30T10:41:04","guid":{"rendered":"https:\/\/www.radiomais.ao\/?p=3752"},"modified":"2025-12-30T11:41:04","modified_gmt":"2025-12-30T10:41:04","slug":"gpl-alerta-promotores-de-eventos-que-insistirem-em-festas-sem-licenca-perderao-os-seus-alvaras","status":"publish","type":"post","link":"https:\/\/www.radiomais.ao\/index.php\/2025\/12\/30\/gpl-alerta-promotores-de-eventos-que-insistirem-em-festas-sem-licenca-perderao-os-seus-alvaras\/","title":{"rendered":"GPL alerta: Promotores de eventos que insistirem em festas sem licen\u00e7a perder\u00e3o os seus alvar\u00e1s."},"content":{"rendered":"\n<p>O governo da prov\u00edncia de Luanda alerta que os promotores de eventos que insistirem em avan\u00e7ar com as festas de fim de ano, sem licenciamento, perder\u00e3o os seus alvaras, al\u00e9m de verem os seus equipamentos apreendidos.<\/p>\n\n\n\n<p>Para garantir a ordem e tranquilidade antes, durante e depois dos eventos, foi criado um plano de resposta emergencial que contar\u00e1 com v\u00e1rios organismos.<\/p>\n\n\n\n<p>A informa\u00e7\u00e3o foi avan\u00e7ada pela chefe do departamento da cultura do GPL, Cl\u00e1udia Andrade.<\/p>\n\n\n<div \n    class=\"align wp-block-scb-sound-cloud\"    id=\"scbSoundCloud-1\"\n    data-attributes='{&quot;cId&quot;:&quot;b6894c22-0&quot;,&quot;tracks&quot;:[{&quot;url&quot;:&quot;https:\\\/\\\/soundcloud.com\\\/radio-mais-luanda\\\/gpl-alerta-a-promotores-de-eventos-sem-licenca?si=9a7be343d83745e5bcf56a8090172162&amp;utm_source=clipboard&amp;utm_medium=text&amp;utm_campaign=social_sharing&quot;,&quot;startTrack&quot;:0}],&quot;alignment&quot;:&quot;center&quot;,&quot;align&quot;:&quot;&quot;,&quot;options&quot;:{&quot;isAutoPlay&quot;:true,&quot;color&quot;:&quot;#f50&quot;,&quot;isBuying&quot;:true,&quot;isSharing&quot;:true,&quot;isDownload&quot;:true,&quot;isArtWork&quot;:true,&quot;isPlayCount&quot;:true,&quot;isUser&quot;:true,&quot;isSingleActive&quot;:true,&quot;isComments&quot;:true,&quot;isVisual&quot;:false,&quot;isTeaser&quot;:false,&quot;isHideRelated&quot;:false},&quot;iframeStyle&quot;:{&quot;width&quot;:&quot;100%&quot;,&quot;height&quot;:&quot;170px&quot;},&quot;frameBorder&quot;:{&quot;color&quot;:&quot;#000&quot;,&quot;style&quot;:&quot;solid&quot;,&quot;width&quot;:&quot;1px&quot;},&quot;frameBRadius&quot;:{&quot;top&quot;:&quot;3px&quot;,&quot;bottom&quot;:&quot;3px&quot;,&quot;left&quot;:&quot;3px&quot;,&quot;right&quot;:&quot;3px&quot;},&quot;frameBoxShadow&quot;:[]}'>\n<\/div>\n\n \n      ","protected":false},"excerpt":{"rendered":"<p>O governo da prov\u00edncia de Luanda alerta que os promotores de eventos que insistirem em avan\u00e7ar com as festas de fim de ano, sem licenciamento, perder\u00e3o os seus alvaras, al\u00e9m de verem os seus equipamentos apreendidos. Para garantir a ordem e tranquilidade antes, durante e depois dos eventos, foi criado um plano de resposta emergencial [&hellip;]<\/p>\n","protected":false},"author":3,"featured_media":3753,"comment_status":"open","ping_status":"open","sticky":false,"template":"","format":"standard","meta":{"footnotes":""},"categories":[16],"tags":[1532,1531,290],"class_list":["post-3752","post","type-post","status-publish","format-standard","has-post-thumbnail","hentry","category-actualidade","tag-falta-de-licenca","tag-festas-de-fim-de-ano","tag-gpl"],"blocksy_meta":[],"_links":{"self":[{"href":"https:\/\/www.radiomais.ao\/index.php\/wp-json\/wp\/v2\/posts\/3752","targetHints":{"allow":["GET"]}}],"collection":[{"href":"https:\/\/www.radiomais.ao\/index.php\/wp-json\/wp\/v2\/posts"}],"about":[{"href":"https:\/\/www.radiomais.ao\/index.php\/wp-json\/wp\/v2\/types\/post"}],"author":[{"embeddable":true,"href":"https:\/\/www.radiomais.ao\/index.php\/wp-json\/wp\/v2\/users\/3"}],"replies":[{"embeddable":true,"href":"https:\/\/www.radiomais.ao\/index.php\/wp-json\/wp\/v2\/comments?post=3752"}],"version-history":[{"count":1,"href":"https:\/\/www.radiomais.ao\/index.php\/wp-json\/wp\/v2\/posts\/3752\/revisions"}],"predecessor-version":[{"id":3754,"href":"https:\/\/www.radiomais.ao\/index.php\/wp-json\/wp\/v2\/posts\/3752\/revisions\/3754"}],"wp:featuredmedia":[{"embeddable":true,"href":"https:\/\/www.radiomais.ao\/index.php\/wp-json\/wp\/v2\/media\/3753"}],"wp:attachment":[{"href":"https:\/\/www.radiomais.ao\/index.php\/wp-json\/wp\/v2\/media?parent=3752"}],"wp:term":[{"taxonomy":"category","embeddable":true,"href":"https:\/\/www.radiomais.ao\/index.php\/wp-json\/wp\/v2\/categories?post=3752"},{"taxonomy":"post_tag","embeddable":true,"href":"https:\/\/www.radiomais.ao\/index.php\/wp-json\/wp\/v2\/tags?post=3752"}],"curies":[{"name":"wp","href":"https:\/\/api.w.org\/{rel}","templated":true}]}}