{"id":3755,"date":"2025-12-30T12:04:24","date_gmt":"2025-12-30T11:04:24","guid":{"rendered":"https:\/\/www.radiomais.ao\/?p=3755"},"modified":"2025-12-30T12:04:24","modified_gmt":"2025-12-30T11:04:24","slug":"sic-procedeu-a-detencao-dos-cidadaos-acusados-de-agressao-fisica-abuso-sexual-a-adolescente-na-viana","status":"publish","type":"post","link":"https:\/\/www.radiomais.ao\/index.php\/2025\/12\/30\/sic-procedeu-a-detencao-dos-cidadaos-acusados-de-agressao-fisica-abuso-sexual-a-adolescente-na-viana\/","title":{"rendered":"SIC procedeu a deten\u00e7\u00e3o dos cidad\u00e3os acusados de agress\u00e3o f\u00edsica abuso sexual a adolescente na Viana."},"content":{"rendered":"\n<p>J\u00e1 est\u00e3o detidos pelo Servi\u00e7o de Investiga\u00e7\u00e3o Criminal os cidad\u00e3os acusados por agress\u00e3o f\u00edsica abuso sexual a adolescente de 15 anos, cujo acto viralizou nas redes sociais e condenado pela sociedade.<\/p>\n\n\n\n<p>O caso aconteceu no munic\u00edpio de Viana em Luanda.<\/p>\n\n\n\n<p>Segundo o SIC, os acusasdos ser\u00e3o hoje apresentados e descarta serem efectivos dos \u00f3rg\u00e3os de defesa e seguran\u00e7a.<\/p>\n\n\n<div \n    class=\"align wp-block-scb-sound-cloud\"    id=\"scbSoundCloud-1\"\n    data-attributes='{&quot;cId&quot;:&quot;cfc788be-1&quot;,&quot;tracks&quot;:[{&quot;url&quot;:&quot;https:\\\/\\\/soundcloud.com\\\/radio-mais-luanda\\\/sic-apresenta-cidadaos-acusados-de-abuso-a-menor-de-15-anos-em-viana?si=fe737ec9dae64d458adf289f84f19be5&amp;utm_source=clipboard&amp;utm_medium=text&amp;utm_campaign=social_sharing&quot;,&quot;startTrack&quot;:0}],&quot;alignment&quot;:&quot;center&quot;,&quot;align&quot;:&quot;&quot;,&quot;options&quot;:{&quot;isAutoPlay&quot;:true,&quot;color&quot;:&quot;#f50&quot;,&quot;isBuying&quot;:true,&quot;isSharing&quot;:true,&quot;isDownload&quot;:true,&quot;isArtWork&quot;:true,&quot;isPlayCount&quot;:true,&quot;isUser&quot;:true,&quot;isSingleActive&quot;:true,&quot;isComments&quot;:true,&quot;isVisual&quot;:false,&quot;isTeaser&quot;:false,&quot;isHideRelated&quot;:false},&quot;iframeStyle&quot;:{&quot;width&quot;:&quot;100%&quot;,&quot;height&quot;:&quot;170px&quot;},&quot;frameBorder&quot;:{&quot;color&quot;:&quot;#000&quot;,&quot;style&quot;:&quot;solid&quot;,&quot;width&quot;:&quot;1px&quot;},&quot;frameBRadius&quot;:{&quot;top&quot;:&quot;3px&quot;,&quot;bottom&quot;:&quot;3px&quot;,&quot;left&quot;:&quot;3px&quot;,&quot;right&quot;:&quot;3px&quot;},&quot;frameBoxShadow&quot;:[]}'>\n<\/div>\n\n \n      ","protected":false},"excerpt":{"rendered":"<p>J\u00e1 est\u00e3o detidos pelo Servi\u00e7o de Investiga\u00e7\u00e3o Criminal os cidad\u00e3os acusados por agress\u00e3o f\u00edsica abuso sexual a adolescente de 15 anos, cujo acto viralizou nas redes sociais e condenado pela sociedade. O caso aconteceu no munic\u00edpio de Viana em Luanda. Segundo o SIC, os acusasdos ser\u00e3o hoje apresentados e descarta serem efectivos dos \u00f3rg\u00e3os de [&hellip;]<\/p>\n","protected":false},"author":3,"featured_media":3756,"comment_status":"open","ping_status":"open","sticky":false,"template":"","format":"standard","meta":{"footnotes":""},"categories":[16],"tags":[1533,1534],"class_list":["post-3755","post","type-post","status-publish","format-standard","has-post-thumbnail","hentry","category-actualidade","tag-caso-belma","tag-detidos-abusadores"],"blocksy_meta":[],"_links":{"self":[{"href":"https:\/\/www.radiomais.ao\/index.php\/wp-json\/wp\/v2\/posts\/3755","targetHints":{"allow":["GET"]}}],"collection":[{"href":"https:\/\/www.radiomais.ao\/index.php\/wp-json\/wp\/v2\/posts"}],"about":[{"href":"https:\/\/www.radiomais.ao\/index.php\/wp-json\/wp\/v2\/types\/post"}],"author":[{"embeddable":true,"href":"https:\/\/www.radiomais.ao\/index.php\/wp-json\/wp\/v2\/users\/3"}],"replies":[{"embeddable":true,"href":"https:\/\/www.radiomais.ao\/index.php\/wp-json\/wp\/v2\/comments?post=3755"}],"version-history":[{"count":1,"href":"https:\/\/www.radiomais.ao\/index.php\/wp-json\/wp\/v2\/posts\/3755\/revisions"}],"predecessor-version":[{"id":3757,"href":"https:\/\/www.radiomais.ao\/index.php\/wp-json\/wp\/v2\/posts\/3755\/revisions\/3757"}],"wp:featuredmedia":[{"embeddable":true,"href":"https:\/\/www.radiomais.ao\/index.php\/wp-json\/wp\/v2\/media\/3756"}],"wp:attachment":[{"href":"https:\/\/www.radiomais.ao\/index.php\/wp-json\/wp\/v2\/media?parent=3755"}],"wp:term":[{"taxonomy":"category","embeddable":true,"href":"https:\/\/www.radiomais.ao\/index.php\/wp-json\/wp\/v2\/categories?post=3755"},{"taxonomy":"post_tag","embeddable":true,"href":"https:\/\/www.radiomais.ao\/index.php\/wp-json\/wp\/v2\/tags?post=3755"}],"curies":[{"name":"wp","href":"https:\/\/api.w.org\/{rel}","templated":true}]}}