{"id":3775,"date":"2026-01-05T08:01:26","date_gmt":"2026-01-05T07:01:26","guid":{"rendered":"https:\/\/www.radiomais.ao\/?p=3775"},"modified":"2026-01-05T08:01:26","modified_gmt":"2026-01-05T07:01:26","slug":"ministerio-das-financas-encerra-todas-as-contas-paralelas-das-unidades-orcamentais-este-ano","status":"publish","type":"post","link":"https:\/\/www.radiomais.ao\/index.php\/2026\/01\/05\/ministerio-das-financas-encerra-todas-as-contas-paralelas-das-unidades-orcamentais-este-ano\/","title":{"rendered":"Minist\u00e9rio das Finan\u00e7as encerra todas as contas paralelas das unidades or\u00e7amentais este ano."},"content":{"rendered":"\n<p><strong>A medida tem como objectivo exigir o dep\u00f3sito de todos os recursos financeiros na Conta \u00danica do Tesouro e visa centralizar as receitas p\u00fablicas, prevenindo a m\u00e1 gest\u00e3o, o desvio de fundos por gestores p\u00fablicos e pr\u00e1ticas fraudulentas, garantindo, assim, maior controlo financeiro por parte do Estado<\/strong>. Fonte <strong><em><a href=\"https:\/\/www.opais.ao\/economia\/ministerio-das-financas-encerra-todas-as-contas-paralelas-das-unidades-orcamentais-este-ano\/\">Opa\u00eds<\/a><\/em><\/strong><\/p>\n","protected":false},"excerpt":{"rendered":"<p>A medida tem como objectivo exigir o dep\u00f3sito de todos os recursos financeiros na Conta \u00danica do Tesouro e visa centralizar as receitas p\u00fablicas, prevenindo a m\u00e1 gest\u00e3o, o desvio de fundos por gestores p\u00fablicos e pr\u00e1ticas fraudulentas, garantindo, assim, maior controlo financeiro por parte do Estado. Fonte Opa\u00eds<\/p>\n","protected":false},"author":3,"featured_media":3776,"comment_status":"open","ping_status":"open","sticky":false,"template":"","format":"standard","meta":{"footnotes":""},"categories":[16],"tags":[22,1539,1538],"class_list":["post-3775","post","type-post","status-publish","format-standard","has-post-thumbnail","hentry","category-actualidade","tag-destaque","tag-encerra-contas-paralelas","tag-ministerio-das-financas"],"blocksy_meta":[],"_links":{"self":[{"href":"https:\/\/www.radiomais.ao\/index.php\/wp-json\/wp\/v2\/posts\/3775","targetHints":{"allow":["GET"]}}],"collection":[{"href":"https:\/\/www.radiomais.ao\/index.php\/wp-json\/wp\/v2\/posts"}],"about":[{"href":"https:\/\/www.radiomais.ao\/index.php\/wp-json\/wp\/v2\/types\/post"}],"author":[{"embeddable":true,"href":"https:\/\/www.radiomais.ao\/index.php\/wp-json\/wp\/v2\/users\/3"}],"replies":[{"embeddable":true,"href":"https:\/\/www.radiomais.ao\/index.php\/wp-json\/wp\/v2\/comments?post=3775"}],"version-history":[{"count":1,"href":"https:\/\/www.radiomais.ao\/index.php\/wp-json\/wp\/v2\/posts\/3775\/revisions"}],"predecessor-version":[{"id":3777,"href":"https:\/\/www.radiomais.ao\/index.php\/wp-json\/wp\/v2\/posts\/3775\/revisions\/3777"}],"wp:featuredmedia":[{"embeddable":true,"href":"https:\/\/www.radiomais.ao\/index.php\/wp-json\/wp\/v2\/media\/3776"}],"wp:attachment":[{"href":"https:\/\/www.radiomais.ao\/index.php\/wp-json\/wp\/v2\/media?parent=3775"}],"wp:term":[{"taxonomy":"category","embeddable":true,"href":"https:\/\/www.radiomais.ao\/index.php\/wp-json\/wp\/v2\/categories?post=3775"},{"taxonomy":"post_tag","embeddable":true,"href":"https:\/\/www.radiomais.ao\/index.php\/wp-json\/wp\/v2\/tags?post=3775"}],"curies":[{"name":"wp","href":"https:\/\/api.w.org\/{rel}","templated":true}]}}