{"id":3778,"date":"2026-01-05T08:05:33","date_gmt":"2026-01-05T07:05:33","guid":{"rendered":"https:\/\/www.radiomais.ao\/?p=3778"},"modified":"2026-01-05T11:08:53","modified_gmt":"2026-01-05T10:08:53","slug":"ministro-da-defesa-defende-que-espirito-da-revolta-da-baixa-de-cassanje","status":"publish","type":"post","link":"https:\/\/www.radiomais.ao\/index.php\/2026\/01\/05\/ministro-da-defesa-defende-que-espirito-da-revolta-da-baixa-de-cassanje\/","title":{"rendered":"Ministro da Defesa defende que esp\u00edrito da revolta da Baixa de Cassanje ."},"content":{"rendered":"\n<p><strong>Angolanos assinalaram, ontem, o 65.\u00ba anivers\u00e1rio dos M\u00e1rtires da Repress\u00e3o Colonial. Um pouco por todo o pa\u00eds, antigos combatentes e veteranos da p\u00e1tria clamaram por maior valoriza\u00e7\u00e3o e melhoria das suas condi\u00e7\u00f5es sociais, tendo em conta as dificuldades financeiras que ainda enfrentam<\/strong>.<\/p>\n\n\n\n<p>O ministro dos Antigos Combatentes e Veteranos da P\u00e1tria, Jo\u00e3o Ernesto dos Santos \u201cLiberdade\u201d, exortou os angolanos a prosseguirem com o esp\u00edrito de resist\u00eancia e de luta que guiou os her\u00f3is da Revolta da Baixa de Cassanje, para que o pa\u00eds enfrente, de forma vitoriosa, os desafios actuais e futuros.<\/p>\n\n\n\n<p>Jo\u00e3o Ernesto dos Santos falava \u00e0 margem do acto central das celebra\u00e7\u00f5es do Dia dos Her\u00f3is da Revolta Baixa de Cassanje, realizado ontem na prov\u00edncia de Malanje. O governante garantiu que o Executivo vai continuar a trabalhar para reverter o quadro de dificuldades que vivem os angolanos, sublinhando, por outra, que o desenvolvimento do pa\u00eds n\u00e3o pode ser uma responsabilidade exclusiva do Executivo, mas um compromisso partilhado por toda a sociedade.<\/p>\n\n\n\n<p>\u201cO Executivo angolano, liderado por Sua Excel\u00eancia, Jo\u00e3o Manuel Gon\u00e7alves Louren\u00e7o, continua focado em desenvolver ac\u00e7\u00f5es tendentes a reverter o quadro actual de dificuldades, pelo que devemos encontrar solu\u00e7\u00f5es com resultados de que todos nos pos- samos orgulhar.<\/p>\n\n\n<div \n    class=\"align wp-block-scb-sound-cloud\"    id=\"scbSoundCloud-1\"\n    data-attributes='{&quot;cId&quot;:&quot;abb0fc45-6&quot;,&quot;tracks&quot;:[{&quot;url&quot;:&quot;https:\\\/\\\/soundcloud.com\\\/radio-mais-luanda\\\/ministro-da-defesa-defende-revolta-da-baixa-de-cassanje?si=403c5d36312f40c0887393a44f5f8df6&amp;utm_source=clipboard&amp;utm_medium=text&amp;utm_campaign=social_sharing&quot;,&quot;startTrack&quot;:0}],&quot;alignment&quot;:&quot;center&quot;,&quot;align&quot;:&quot;&quot;,&quot;options&quot;:{&quot;isAutoPlay&quot;:true,&quot;color&quot;:&quot;#f50&quot;,&quot;isBuying&quot;:true,&quot;isSharing&quot;:true,&quot;isDownload&quot;:true,&quot;isArtWork&quot;:true,&quot;isPlayCount&quot;:true,&quot;isUser&quot;:true,&quot;isSingleActive&quot;:true,&quot;isComments&quot;:true,&quot;isVisual&quot;:false,&quot;isTeaser&quot;:false,&quot;isHideRelated&quot;:false},&quot;iframeStyle&quot;:{&quot;width&quot;:&quot;100%&quot;,&quot;height&quot;:&quot;170px&quot;},&quot;frameBorder&quot;:{&quot;color&quot;:&quot;#000&quot;,&quot;style&quot;:&quot;solid&quot;,&quot;width&quot;:&quot;1px&quot;},&quot;frameBRadius&quot;:{&quot;top&quot;:&quot;3px&quot;,&quot;bottom&quot;:&quot;3px&quot;,&quot;left&quot;:&quot;3px&quot;,&quot;right&quot;:&quot;3px&quot;},&quot;frameBoxShadow&quot;:[]}'>\n<\/div>\n\n \n      ","protected":false},"excerpt":{"rendered":"<p>Angolanos assinalaram, ontem, o 65.\u00ba anivers\u00e1rio dos M\u00e1rtires da Repress\u00e3o Colonial. Um pouco por todo o pa\u00eds, antigos combatentes e veteranos da p\u00e1tria clamaram por maior valoriza\u00e7\u00e3o e melhoria das suas condi\u00e7\u00f5es sociais, tendo em conta as dificuldades financeiras que ainda enfrentam. O ministro dos Antigos Combatentes e Veteranos da P\u00e1tria, Jo\u00e3o Ernesto dos Santos [&hellip;]<\/p>\n","protected":false},"author":3,"featured_media":3779,"comment_status":"open","ping_status":"open","sticky":false,"template":"","format":"standard","meta":{"footnotes":""},"categories":[16],"tags":[1541,1076,1540],"class_list":["post-3778","post","type-post","status-publish","format-standard","has-post-thumbnail","hentry","category-actualidade","tag-baixa-de-cassange","tag-defende","tag-ministro-da-defesa"],"blocksy_meta":[],"_links":{"self":[{"href":"https:\/\/www.radiomais.ao\/index.php\/wp-json\/wp\/v2\/posts\/3778","targetHints":{"allow":["GET"]}}],"collection":[{"href":"https:\/\/www.radiomais.ao\/index.php\/wp-json\/wp\/v2\/posts"}],"about":[{"href":"https:\/\/www.radiomais.ao\/index.php\/wp-json\/wp\/v2\/types\/post"}],"author":[{"embeddable":true,"href":"https:\/\/www.radiomais.ao\/index.php\/wp-json\/wp\/v2\/users\/3"}],"replies":[{"embeddable":true,"href":"https:\/\/www.radiomais.ao\/index.php\/wp-json\/wp\/v2\/comments?post=3778"}],"version-history":[{"count":2,"href":"https:\/\/www.radiomais.ao\/index.php\/wp-json\/wp\/v2\/posts\/3778\/revisions"}],"predecessor-version":[{"id":3793,"href":"https:\/\/www.radiomais.ao\/index.php\/wp-json\/wp\/v2\/posts\/3778\/revisions\/3793"}],"wp:featuredmedia":[{"embeddable":true,"href":"https:\/\/www.radiomais.ao\/index.php\/wp-json\/wp\/v2\/media\/3779"}],"wp:attachment":[{"href":"https:\/\/www.radiomais.ao\/index.php\/wp-json\/wp\/v2\/media?parent=3778"}],"wp:term":[{"taxonomy":"category","embeddable":true,"href":"https:\/\/www.radiomais.ao\/index.php\/wp-json\/wp\/v2\/categories?post=3778"},{"taxonomy":"post_tag","embeddable":true,"href":"https:\/\/www.radiomais.ao\/index.php\/wp-json\/wp\/v2\/tags?post=3778"}],"curies":[{"name":"wp","href":"https:\/\/api.w.org\/{rel}","templated":true}]}}