{"id":3787,"date":"2026-01-05T08:31:48","date_gmt":"2026-01-05T07:31:48","guid":{"rendered":"https:\/\/www.radiomais.ao\/?p=3787"},"modified":"2026-01-05T08:31:48","modified_gmt":"2026-01-05T07:31:48","slug":"subida-do-preco-de-taxi-cria-rota-de-colisao-entre-taxistas-e-representante-da-classe-na-huila","status":"publish","type":"post","link":"https:\/\/www.radiomais.ao\/index.php\/2026\/01\/05\/subida-do-preco-de-taxi-cria-rota-de-colisao-entre-taxistas-e-representante-da-classe-na-huila\/","title":{"rendered":"Subida do pre\u00e7o de t\u00e1xi cria rota de colis\u00e3o entre taxistas e representante da classe na Hu\u00edla."},"content":{"rendered":"\n<p><strong>A Associa\u00e7\u00e3o Nova Alian\u00e7a dos Taxistas de Angola (ANATA) anunciou, no final de Dezembro, a subida do pre\u00e7o da corrida de t\u00e1xi, cuja efectiva\u00e7\u00e3o seria a partir do dia 1 de Janeiro do ano em curso. A decis\u00e3o \u00e9 encarada com preocupa\u00e7\u00e3o pelos utentes deste servi\u00e7o, tendo em conta o alto custo de vida e a falta de justifica\u00e7\u00e3o plaus\u00edvel da ANATA<\/strong><\/p>\n\n\n\n<p>A decis\u00e3o de subir o pre\u00e7o da corrida de t\u00e1xi, foi anunciada pelo Presidente da Associa\u00e7\u00e3o Nova Alian\u00e7a dos Taxistas de Angola na Hu\u00edla, Benedito Nonato, tendo justificado com a subida dos materiais gast\u00e1veis na manuten\u00e7\u00e3o das viaturas em servi\u00e7o de t\u00e1xi no Lubango.<\/p>\n\n\n\n<p>De acordo com o respons\u00e1vel associativo, o alto custo da manuten\u00e7\u00e3o das viaturas est\u00e1 insustent\u00e1vel para os seus propriet\u00e1rios, por essa raz\u00e3o, houve a necessidade de se subir o pre\u00e7o da corrida de 200 Kwanzas para 300 em todas as rotas do casco urbano. \u201cTivemos de subir o pre\u00e7o da corrida de t\u00e1xi ainda aqui no casco urbano de 200 para 300 Kwanzas em todas as rotas da cidade, ao passo que para o munic\u00edpio da Chibia, saiu de 400 para 500 Kwanzas, porque os pre\u00e7os dos materiais est\u00e3o muito altos.<\/p>\n","protected":false},"excerpt":{"rendered":"<p>A Associa\u00e7\u00e3o Nova Alian\u00e7a dos Taxistas de Angola (ANATA) anunciou, no final de Dezembro, a subida do pre\u00e7o da corrida de t\u00e1xi, cuja efectiva\u00e7\u00e3o seria a partir do dia 1 de Janeiro do ano em curso. A decis\u00e3o \u00e9 encarada com preocupa\u00e7\u00e3o pelos utentes deste servi\u00e7o, tendo em conta o alto custo de vida e [&hellip;]<\/p>\n","protected":false},"author":3,"featured_media":3788,"comment_status":"open","ping_status":"open","sticky":false,"template":"","format":"standard","meta":{"footnotes":""},"categories":[16],"tags":[1158,1547],"class_list":["post-3787","post","type-post","status-publish","format-standard","has-post-thumbnail","hentry","category-actualidade","tag-huila-2","tag-subida-de-taxi"],"blocksy_meta":[],"_links":{"self":[{"href":"https:\/\/www.radiomais.ao\/index.php\/wp-json\/wp\/v2\/posts\/3787","targetHints":{"allow":["GET"]}}],"collection":[{"href":"https:\/\/www.radiomais.ao\/index.php\/wp-json\/wp\/v2\/posts"}],"about":[{"href":"https:\/\/www.radiomais.ao\/index.php\/wp-json\/wp\/v2\/types\/post"}],"author":[{"embeddable":true,"href":"https:\/\/www.radiomais.ao\/index.php\/wp-json\/wp\/v2\/users\/3"}],"replies":[{"embeddable":true,"href":"https:\/\/www.radiomais.ao\/index.php\/wp-json\/wp\/v2\/comments?post=3787"}],"version-history":[{"count":1,"href":"https:\/\/www.radiomais.ao\/index.php\/wp-json\/wp\/v2\/posts\/3787\/revisions"}],"predecessor-version":[{"id":3789,"href":"https:\/\/www.radiomais.ao\/index.php\/wp-json\/wp\/v2\/posts\/3787\/revisions\/3789"}],"wp:featuredmedia":[{"embeddable":true,"href":"https:\/\/www.radiomais.ao\/index.php\/wp-json\/wp\/v2\/media\/3788"}],"wp:attachment":[{"href":"https:\/\/www.radiomais.ao\/index.php\/wp-json\/wp\/v2\/media?parent=3787"}],"wp:term":[{"taxonomy":"category","embeddable":true,"href":"https:\/\/www.radiomais.ao\/index.php\/wp-json\/wp\/v2\/categories?post=3787"},{"taxonomy":"post_tag","embeddable":true,"href":"https:\/\/www.radiomais.ao\/index.php\/wp-json\/wp\/v2\/tags?post=3787"}],"curies":[{"name":"wp","href":"https:\/\/api.w.org\/{rel}","templated":true}]}}