{"id":3790,"date":"2026-01-05T08:45:22","date_gmt":"2026-01-05T07:45:22","guid":{"rendered":"https:\/\/www.radiomais.ao\/?p=3790"},"modified":"2026-01-05T08:45:22","modified_gmt":"2026-01-05T07:45:22","slug":"faf-explica-amanha-fracasso-dos-palancas-negras-no-can-de-marrocos","status":"publish","type":"post","link":"https:\/\/www.radiomais.ao\/index.php\/2026\/01\/05\/faf-explica-amanha-fracasso-dos-palancas-negras-no-can-de-marrocos\/","title":{"rendered":"FAF explica amanh\u00e3 \u201cfracasso\u201d dos Palancas Negras no CAN de Marrocos."},"content":{"rendered":"\n<p><strong>A Federa\u00e7\u00e3o Angolana de Futebol (FAF) realiza amanh\u00e3 uma confer\u00eancia de imprensa para fazer o balan\u00e7o da participa\u00e7\u00e3o dos Palancas Negras no Campeonato Africano das Na\u00e7\u00f5es (CAN), que decorre no Reino de Marrocos<\/strong><\/p>\n\n\n\n<p>De acordo com uma nota do \u00f3rg\u00e3o reitor da modalidade no pa\u00eds a que este jornal teve acesso, a confer\u00eancia de imprensa ter\u00e1 lugar na sede da Federa\u00e7\u00e3o Angolana de Futebol (FAF), na Urbaniza\u00e7\u00e3o Nova Vida, em Luanda, a partir das 10:00. O encontro servir\u00e1 para apresentar uma avalia\u00e7\u00e3o global da presta\u00e7\u00e3o dos Palancas Negras na na maior prova do futebol africano.<\/p>\n\n\n\n<p>Espera-se igualmente que sejam prestados esclarecimentos sobre os objectivos tra\u00e7ados antes do in\u00edcio do torneio e o grau de cumprimento dessas metas. N\u00e3o h\u00e1 d\u00favidas de que o balan\u00e7o poder\u00e1 tamb\u00e9m apontar linhas orientadoras para o futuro dos Palancas Negras.<\/p>\n\n\n\n<p>Adicionalmente, aspectos ligadas \u00e0 renova\u00e7\u00e3o do plantel, continuidade da equipa t\u00e9cnica e estrat\u00e9gias de desenvolvimento do futebol nacional poder\u00e3o surgir no centro do debate. Recorde-se que os Palancas Negras falharam o apuramento aos \u201coitavos\u201d, ter- minando na terceira posi\u00e7\u00e3o do grupo B com apenas 2 pontos.<\/p>\n","protected":false},"excerpt":{"rendered":"<p>A Federa\u00e7\u00e3o Angolana de Futebol (FAF) realiza amanh\u00e3 uma confer\u00eancia de imprensa para fazer o balan\u00e7o da participa\u00e7\u00e3o dos Palancas Negras no Campeonato Africano das Na\u00e7\u00f5es (CAN), que decorre no Reino de Marrocos De acordo com uma nota do \u00f3rg\u00e3o reitor da modalidade no pa\u00eds a que este jornal teve acesso, a confer\u00eancia de imprensa [&hellip;]<\/p>\n","protected":false},"author":3,"featured_media":3791,"comment_status":"open","ping_status":"open","sticky":false,"template":"","format":"standard","meta":{"footnotes":""},"categories":[16],"tags":[554,1548,1549,643],"class_list":["post-3790","post","type-post","status-publish","format-standard","has-post-thumbnail","hentry","category-actualidade","tag-can-marrocos","tag-faf","tag-fracasso","tag-palancas-negras"],"blocksy_meta":[],"_links":{"self":[{"href":"https:\/\/www.radiomais.ao\/index.php\/wp-json\/wp\/v2\/posts\/3790","targetHints":{"allow":["GET"]}}],"collection":[{"href":"https:\/\/www.radiomais.ao\/index.php\/wp-json\/wp\/v2\/posts"}],"about":[{"href":"https:\/\/www.radiomais.ao\/index.php\/wp-json\/wp\/v2\/types\/post"}],"author":[{"embeddable":true,"href":"https:\/\/www.radiomais.ao\/index.php\/wp-json\/wp\/v2\/users\/3"}],"replies":[{"embeddable":true,"href":"https:\/\/www.radiomais.ao\/index.php\/wp-json\/wp\/v2\/comments?post=3790"}],"version-history":[{"count":1,"href":"https:\/\/www.radiomais.ao\/index.php\/wp-json\/wp\/v2\/posts\/3790\/revisions"}],"predecessor-version":[{"id":3792,"href":"https:\/\/www.radiomais.ao\/index.php\/wp-json\/wp\/v2\/posts\/3790\/revisions\/3792"}],"wp:featuredmedia":[{"embeddable":true,"href":"https:\/\/www.radiomais.ao\/index.php\/wp-json\/wp\/v2\/media\/3791"}],"wp:attachment":[{"href":"https:\/\/www.radiomais.ao\/index.php\/wp-json\/wp\/v2\/media?parent=3790"}],"wp:term":[{"taxonomy":"category","embeddable":true,"href":"https:\/\/www.radiomais.ao\/index.php\/wp-json\/wp\/v2\/categories?post=3790"},{"taxonomy":"post_tag","embeddable":true,"href":"https:\/\/www.radiomais.ao\/index.php\/wp-json\/wp\/v2\/tags?post=3790"}],"curies":[{"name":"wp","href":"https:\/\/api.w.org\/{rel}","templated":true}]}}