{"id":3794,"date":"2026-01-05T11:27:51","date_gmt":"2026-01-05T10:27:51","guid":{"rendered":"https:\/\/www.radiomais.ao\/?p=3794"},"modified":"2026-01-05T11:27:51","modified_gmt":"2026-01-05T10:27:51","slug":"governo-provincial-da-huila-e-anata-com-encontro-agendado-para-esta-semana","status":"publish","type":"post","link":"https:\/\/www.radiomais.ao\/index.php\/2026\/01\/05\/governo-provincial-da-huila-e-anata-com-encontro-agendado-para-esta-semana\/","title":{"rendered":"Governo provincial da Hu\u00edla e ANATA com encontro agendado para esta semana."},"content":{"rendered":"\n<p>Governo da Hu\u00edla e as Associa\u00e7\u00f5es de Taxistas agendaram para esta semana um encontro para analisar o pre\u00e7o da corrida do t\u00e1xi na prov\u00edncia, que passou de 200 para 300 kwanzas desde o passado dia primeiro de Janeiro do ano em curso.<\/p>\n\n\n<div \n    class=\"align wp-block-scb-sound-cloud\"    id=\"scbSoundCloud-1\"\n    data-attributes='{&quot;cId&quot;:&quot;cec49c19-b&quot;,&quot;tracks&quot;:[{&quot;url&quot;:&quot;https:\\\/\\\/soundcloud.com\\\/radio-mais-luanda\\\/governo-da-huila-e-anata-com-encontro-agendado-para-esta-semana?si=ba242c4fb8db418b9244cd2c0a286db7&amp;utm_source=clipboard&amp;utm_medium=text&amp;utm_campaign=social_sharing&quot;,&quot;startTrack&quot;:0}],&quot;alignment&quot;:&quot;center&quot;,&quot;align&quot;:&quot;&quot;,&quot;options&quot;:{&quot;isAutoPlay&quot;:true,&quot;color&quot;:&quot;#f50&quot;,&quot;isBuying&quot;:true,&quot;isSharing&quot;:true,&quot;isDownload&quot;:true,&quot;isArtWork&quot;:true,&quot;isPlayCount&quot;:true,&quot;isUser&quot;:true,&quot;isSingleActive&quot;:true,&quot;isComments&quot;:true,&quot;isVisual&quot;:false,&quot;isTeaser&quot;:false,&quot;isHideRelated&quot;:false},&quot;iframeStyle&quot;:{&quot;width&quot;:&quot;100%&quot;,&quot;height&quot;:&quot;170px&quot;},&quot;frameBorder&quot;:{&quot;color&quot;:&quot;#000&quot;,&quot;style&quot;:&quot;solid&quot;,&quot;width&quot;:&quot;1px&quot;},&quot;frameBRadius&quot;:{&quot;top&quot;:&quot;3px&quot;,&quot;bottom&quot;:&quot;3px&quot;,&quot;left&quot;:&quot;3px&quot;,&quot;right&quot;:&quot;3px&quot;},&quot;frameBoxShadow&quot;:[]}'>\n<\/div>\n\n \n      \n\n\n<p>A actualiza\u00e7\u00e3o do pre\u00e7o ter\u00e1 sido tomada pela ANATA-Hu\u00edla, sem o consenso das outras associa\u00e7\u00f5es.<\/p>\n\n\n\n<p>Benedito Nonato, Delegado da Associa\u00e7\u00e3o Provincial da ANATA na Hu\u00edla, justificou a medida.<\/p>\n","protected":false},"excerpt":{"rendered":"<p>Governo da Hu\u00edla e as Associa\u00e7\u00f5es de Taxistas agendaram para esta semana um encontro para analisar o pre\u00e7o da corrida do t\u00e1xi na prov\u00edncia, que passou de 200 para 300 kwanzas desde o passado dia primeiro de Janeiro do ano em curso. A actualiza\u00e7\u00e3o do pre\u00e7o ter\u00e1 sido tomada pela ANATA-Hu\u00edla, sem o consenso das [&hellip;]<\/p>\n","protected":false},"author":3,"featured_media":3795,"comment_status":"open","ping_status":"open","sticky":false,"template":"","format":"standard","meta":{"footnotes":""},"categories":[16],"tags":[1550,1552,1551],"class_list":["post-3794","post","type-post","status-publish","format-standard","has-post-thumbnail","hentry","category-actualidade","tag-anata-huila","tag-encontro-agendado","tag-governo-provincial"],"blocksy_meta":[],"_links":{"self":[{"href":"https:\/\/www.radiomais.ao\/index.php\/wp-json\/wp\/v2\/posts\/3794","targetHints":{"allow":["GET"]}}],"collection":[{"href":"https:\/\/www.radiomais.ao\/index.php\/wp-json\/wp\/v2\/posts"}],"about":[{"href":"https:\/\/www.radiomais.ao\/index.php\/wp-json\/wp\/v2\/types\/post"}],"author":[{"embeddable":true,"href":"https:\/\/www.radiomais.ao\/index.php\/wp-json\/wp\/v2\/users\/3"}],"replies":[{"embeddable":true,"href":"https:\/\/www.radiomais.ao\/index.php\/wp-json\/wp\/v2\/comments?post=3794"}],"version-history":[{"count":1,"href":"https:\/\/www.radiomais.ao\/index.php\/wp-json\/wp\/v2\/posts\/3794\/revisions"}],"predecessor-version":[{"id":3796,"href":"https:\/\/www.radiomais.ao\/index.php\/wp-json\/wp\/v2\/posts\/3794\/revisions\/3796"}],"wp:featuredmedia":[{"embeddable":true,"href":"https:\/\/www.radiomais.ao\/index.php\/wp-json\/wp\/v2\/media\/3795"}],"wp:attachment":[{"href":"https:\/\/www.radiomais.ao\/index.php\/wp-json\/wp\/v2\/media?parent=3794"}],"wp:term":[{"taxonomy":"category","embeddable":true,"href":"https:\/\/www.radiomais.ao\/index.php\/wp-json\/wp\/v2\/categories?post=3794"},{"taxonomy":"post_tag","embeddable":true,"href":"https:\/\/www.radiomais.ao\/index.php\/wp-json\/wp\/v2\/tags?post=3794"}],"curies":[{"name":"wp","href":"https:\/\/api.w.org\/{rel}","templated":true}]}}